{"id":1332,"date":"2021-06-24T22:43:38","date_gmt":"2021-06-24T22:43:38","guid":{"rendered":"https:\/\/labitacoraradio.com.ar\/web\/?p=1332"},"modified":"2021-08-23T22:44:29","modified_gmt":"2021-08-23T22:44:29","slug":"asumieron-tres-nuevos-funcionarios-en-la-municipalidad-de-parana","status":"publish","type":"post","link":"https:\/\/labitacoraradio.com.ar\/web\/?p=1332","title":{"rendered":"Asumieron tres nuevos funcionarios en la Municipalidad de Paran\u00e1"},"content":{"rendered":"\n<p><strong>Carina Ramos<\/strong> es la nueva Secretar\u00eda de Pol\u00edticas Sociales, Inclusivas y Comunitarias, que a partir de la fecha nuclear\u00e1 a las anteriores secretar\u00edas de Desarrollo Social y de Participaci\u00f3n Ciudadana y Gesti\u00f3n Comunitaria. <\/p>\n\n\n\n<p>La flamante funcionaria comunal detall\u00f3 la incumbencia de la nueva Secretar\u00eda que est\u00e1 ahora bajo su cargo. <\/p>\n\n\n\n<p>En el marco de este recambio en la gesti\u00f3n asumieron tambi\u00e9n Jos\u00e9 Claret al frente de la Secretaria de Coordinaci\u00f3n Estrat\u00e9gica y Eliana Ramos en la titularidad de la Secretar\u00eda General.<\/p>\n\n\n\n<p><strong><em>Audio de la entrevista<\/em><\/strong><\/p>\n\n\n\n<figure class=\"wp-block-embed is-type-video is-provider-youtube wp-block-embed-youtube wp-embed-aspect-16-9 wp-has-aspect-ratio\"><div class=\"wp-block-embed__wrapper\">\n<iframe loading=\"lazy\" title=\"Carina Ramos   Nueva funci\u00f3n en la Municipalidad\" width=\"500\" height=\"281\" src=\"https:\/\/www.youtube.com\/embed\/9p0rzuYOn8c?feature=oembed\" frameborder=\"0\" allow=\"accelerometer; autoplay; clipboard-write; encrypted-media; gyroscope; picture-in-picture; web-share\" referrerpolicy=\"strict-origin-when-cross-origin\" allowfullscreen><\/iframe>\n<\/div><\/figure>\n","protected":false},"excerpt":{"rendered":"<p>Carina Ramos es la nueva Secretar\u00eda de Pol\u00edticas Sociales, Inclusivas&#8230;<\/p>\n","protected":false},"author":2,"featured_media":1333,"comment_status":"open","ping_status":"open","sticky":false,"template":"","format":"standard","meta":{"footnotes":""},"categories":[6,5,3],"tags":[],"class_list":["post-1332","post","type-post","status-publish","format-standard","has-post-thumbnail","hentry","category-instituciones","category-interes-general","category-municipales","wpcat-6-id","wpcat-5-id","wpcat-3-id"],"_links":{"self":[{"href":"https:\/\/labitacoraradio.com.ar\/web\/index.php?rest_route=\/wp\/v2\/posts\/1332","targetHints":{"allow":["GET"]}}],"collection":[{"href":"https:\/\/labitacoraradio.com.ar\/web\/index.php?rest_route=\/wp\/v2\/posts"}],"about":[{"href":"https:\/\/labitacoraradio.com.ar\/web\/index.php?rest_route=\/wp\/v2\/types\/post"}],"author":[{"embeddable":true,"href":"https:\/\/labitacoraradio.com.ar\/web\/index.php?rest_route=\/wp\/v2\/users\/2"}],"replies":[{"embeddable":true,"href":"https:\/\/labitacoraradio.com.ar\/web\/index.php?rest_route=%2Fwp%2Fv2%2Fcomments&post=1332"}],"version-history":[{"count":1,"href":"https:\/\/labitacoraradio.com.ar\/web\/index.php?rest_route=\/wp\/v2\/posts\/1332\/revisions"}],"predecessor-version":[{"id":1334,"href":"https:\/\/labitacoraradio.com.ar\/web\/index.php?rest_route=\/wp\/v2\/posts\/1332\/revisions\/1334"}],"wp:featuredmedia":[{"embeddable":true,"href":"https:\/\/labitacoraradio.com.ar\/web\/index.php?rest_route=\/wp\/v2\/media\/1333"}],"wp:attachment":[{"href":"https:\/\/labitacoraradio.com.ar\/web\/index.php?rest_route=%2Fwp%2Fv2%2Fmedia&parent=1332"}],"wp:term":[{"taxonomy":"category","embeddable":true,"href":"https:\/\/labitacoraradio.com.ar\/web\/index.php?rest_route=%2Fwp%2Fv2%2Fcategories&post=1332"},{"taxonomy":"post_tag","embeddable":true,"href":"https:\/\/labitacoraradio.com.ar\/web\/index.php?rest_route=%2Fwp%2Fv2%2Ftags&post=1332"}],"curies":[{"name":"wp","href":"https:\/\/api.w.org\/{rel}","templated":true}]}}