{"id":17758,"date":"2024-09-03T08:48:00","date_gmt":"2024-09-03T08:48:00","guid":{"rendered":"https:\/\/labitacoraradio.com.ar\/web\/?p=17758"},"modified":"2024-09-03T12:51:14","modified_gmt":"2024-09-03T12:51:14","slug":"continua-el-ciclo-de-conciertos-didacticos-a-toda-orquesta-de-la-sinfonica-de-entre-rios","status":"publish","type":"post","link":"https:\/\/labitacoraradio.com.ar\/web\/?p=17758","title":{"rendered":"Contin\u00faa el ciclo de conciertos did\u00e1cticos A toda orquesta de la Sinf\u00f3nica de Entre R\u00edos"},"content":{"rendered":"\n<p class=\"has-medium-font-size\">En el marco del ciclo de conciertos did\u00e1cticos de la Orquesta Sinf\u00f3nica de Entre R\u00edos (OSER) este mi\u00e9rcoles 4 y jueves 5 de septiembre se llevar\u00e1n a cabo cuatro presentaciones en La Vieja Usina. La iniciativa es organizada por la provincia a trav\u00e9s de la Secretar\u00eda de Cultura y el Consejo General de Educaci\u00f3n.<\/p>\n\n\n\n<p class=\"has-medium-font-size\">Se realizar\u00e1n cuatro conciertos de 50 minutos de duraci\u00f3n cada uno: el mi\u00e9rcoles y el jueves, de 14.45 a 15.45 y de 16.15 a 17.15. Los mismos est\u00e1n destinados a alumnos de escuelas primarias y secundarias de la provincia que ya completaron el proceso de inscripci\u00f3n.<\/p>\n\n\n\n<p class=\"has-medium-font-size\">El ciclo tiene por objetivo que los alumnos puedan conectarse en vivo con la riqueza instrumental de la orquesta y los m\u00fasicos. A trav\u00e9s de explicaciones did\u00e1cticas y ejemplos musicales, se busca que aprendan a reconocer los diferentes instrumentos y familias instrumentales que componen una orquesta sinf\u00f3nica.<\/p>\n\n\n\n<p class=\"has-medium-font-size\">La actividad es organizada por la provincia, a trav\u00e9s de la Secretar\u00eda de Cultura y el Consejo General de Educaci\u00f3n. Mientras que la iniciativa es llevada a cabo por el elenco sinf\u00f3nico de la provincia, con la direcci\u00f3n de Luis Gorelik y la asistencia de Rodrigo Naffa; participa tambi\u00e9n Cristina Pita en calidad de presentadora.<\/p>\n\n\n\n<p class=\"has-medium-font-size\">El ciclo A toda orquesta se inici\u00f3 a fines de junio en La Vieja Usina de Paran\u00e1 con el<\/p>\n\n\n\n<p class=\"has-medium-font-size\">cupo completo y se extender\u00e1 hasta octubre. Se realizar\u00e1n un total de 21 conciertos destinados a 6000 estudiantes.<\/p>\n\n\n\n<p><em>(Fuente: Secretar\u00eda de Cultura de Entre R\u00edos)<\/em><\/p>\n","protected":false},"excerpt":{"rendered":"<p>En el marco del ciclo de conciertos did\u00e1cticos de la&#8230;<\/p>\n","protected":false},"author":2,"featured_media":17759,"comment_status":"closed","ping_status":"closed","sticky":false,"template":"","format":"standard","meta":{"footnotes":""},"categories":[2336,10,21],"tags":[2110],"class_list":["post-17758","post","type-post","status-publish","format-standard","has-post-thumbnail","hentry","category-barralateral","category-cultura","category-musica","tag-oser","wpcat-2336-id","wpcat-10-id","wpcat-21-id"],"_links":{"self":[{"href":"https:\/\/labitacoraradio.com.ar\/web\/index.php?rest_route=\/wp\/v2\/posts\/17758","targetHints":{"allow":["GET"]}}],"collection":[{"href":"https:\/\/labitacoraradio.com.ar\/web\/index.php?rest_route=\/wp\/v2\/posts"}],"about":[{"href":"https:\/\/labitacoraradio.com.ar\/web\/index.php?rest_route=\/wp\/v2\/types\/post"}],"author":[{"embeddable":true,"href":"https:\/\/labitacoraradio.com.ar\/web\/index.php?rest_route=\/wp\/v2\/users\/2"}],"replies":[{"embeddable":true,"href":"https:\/\/labitacoraradio.com.ar\/web\/index.php?rest_route=%2Fwp%2Fv2%2Fcomments&post=17758"}],"version-history":[{"count":1,"href":"https:\/\/labitacoraradio.com.ar\/web\/index.php?rest_route=\/wp\/v2\/posts\/17758\/revisions"}],"predecessor-version":[{"id":17760,"href":"https:\/\/labitacoraradio.com.ar\/web\/index.php?rest_route=\/wp\/v2\/posts\/17758\/revisions\/17760"}],"wp:featuredmedia":[{"embeddable":true,"href":"https:\/\/labitacoraradio.com.ar\/web\/index.php?rest_route=\/wp\/v2\/media\/17759"}],"wp:attachment":[{"href":"https:\/\/labitacoraradio.com.ar\/web\/index.php?rest_route=%2Fwp%2Fv2%2Fmedia&parent=17758"}],"wp:term":[{"taxonomy":"category","embeddable":true,"href":"https:\/\/labitacoraradio.com.ar\/web\/index.php?rest_route=%2Fwp%2Fv2%2Fcategories&post=17758"},{"taxonomy":"post_tag","embeddable":true,"href":"https:\/\/labitacoraradio.com.ar\/web\/index.php?rest_route=%2Fwp%2Fv2%2Ftags&post=17758"}],"curies":[{"name":"wp","href":"https:\/\/api.w.org\/{rel}","templated":true}]}}