{"id":19125,"date":"2024-12-06T11:42:27","date_gmt":"2024-12-06T11:42:27","guid":{"rendered":"https:\/\/labitacoraradio.com.ar\/web\/?p=19125"},"modified":"2024-12-09T11:42:54","modified_gmt":"2024-12-09T11:42:54","slug":"parana-mostro-sus-atractivos-turisticos-a-todo-el-pais","status":"publish","type":"post","link":"https:\/\/labitacoraradio.com.ar\/web\/?p=19125","title":{"rendered":"Paran\u00e1 mostr\u00f3 sus atractivos tur\u00edsticos a todo el pa\u00eds"},"content":{"rendered":"\n<p class=\"has-medium-font-size\">La capital entrerriana particip\u00f3 de La Noche de las Casas de Provincia, que se realiz\u00f3 este jueves en Buenos Aires. El objetivo es atraer visitantes para la temporada de verano, donde se destaca la 34\u00b0 edici\u00f3n de la Fiesta Nacional del Mate, que se realizar\u00e1 el 7 y 8 de febrero en la Plaza de las Colectividades.<\/p>\n\n\n\n<p class=\"has-medium-font-size\">Durante la jornada en la Casa de Entre R\u00edos, se destac\u00f3 a Paran\u00e1 como una capital que es destino ideal por su cercan\u00eda con C\u00f3rdoba, Rosario y Buenos Aires. Tambi\u00e9n se difundieron sus atractivos, entre otros, la naturaleza y el ecoturismo con el Islote Curup\u00ed y los Humedales, la historia y los recorridos con el Paran\u00e1 Bus Tur\u00edstico, la cultura y el arte, la gastronom\u00eda, una agenda diversa y de calidad, paseos comerciales, playas, deportes acu\u00e1ticos, aventura y \u201clos mejores atardeceres del r\u00edo\u201d.<\/p>\n\n\n\n<p class=\"has-medium-font-size\">El subsecretario de Turismo y presidente del directorio del Ente Mixto de Turismo de Paran\u00e1, (EMPATUR), Agust\u00edn Clavenzani, agradeci\u00f3 la invitaci\u00f3n del Gobierno de Entre R\u00edos y valor\u00f3 \u201cdar a conocer los atractivos permanentes que tiene la ciudad durante todo el a\u00f1o, y en especial, para esta temporada de verano\u201d. En ese marco, detall\u00f3 que durante el evento se comparti\u00f3 un espacio de informaci\u00f3n tur\u00edstica, sabores con identidad a cargo de Mat\u00edas Visconti y m\u00fasica del litoral.<\/p>\n\n\n\n<p class=\"has-medium-font-size\">Enzo Demartini, m\u00fasico que actuar\u00e1 en la Fiesta Nacional del Mate junto al ensamble Cauce Litoral (integrado por m\u00e1s de 40 artistas locales), dijo que \u201ces un orgullo ser parte de un evento que todos los paranaenses llevamos en el coraz\u00f3n y tambi\u00e9n estar ac\u00e1, compartiendo con todo el pa\u00eds lo que nuestra ciudad tiene para ofrecer\u201d.<\/p>\n\n\n\n<p class=\"has-medium-font-size\">*M\u00e1s informaci\u00f3n sobre el Turismo en Paran\u00e1,<a href=\"http:\/\/www.parana.tur.ar\" data-type=\"link\" data-id=\"www.parana.tur.ar\"> www.parana.tur.ar<\/a><\/p>\n\n\n\n<p class=\"has-medium-font-size\">*M\u00e1s informaci\u00f3n sobre la Fiesta Nacional del Mate en <a href=\"http:\/\/www.fiestadelmate.parana.gob.ar\">www.fiestadelmate.parana.gob.ar<\/a><\/p>\n\n\n\n<p><em>(Fuente: Municipalidad de Paran\u00e1)<\/em><\/p>\n","protected":false},"excerpt":{"rendered":"<p>La capital entrerriana particip\u00f3 de La Noche de las Casas&#8230;<\/p>\n","protected":false},"author":2,"featured_media":19126,"comment_status":"closed","ping_status":"closed","sticky":false,"template":"","format":"standard","meta":{"footnotes":""},"categories":[2336,3,17],"tags":[3301],"class_list":["post-19125","post","type-post","status-publish","format-standard","has-post-thumbnail","hentry","category-barralateral","category-municipales","category-turismo","tag-casas-de-provincia","wpcat-2336-id","wpcat-3-id","wpcat-17-id"],"_links":{"self":[{"href":"https:\/\/labitacoraradio.com.ar\/web\/index.php?rest_route=\/wp\/v2\/posts\/19125","targetHints":{"allow":["GET"]}}],"collection":[{"href":"https:\/\/labitacoraradio.com.ar\/web\/index.php?rest_route=\/wp\/v2\/posts"}],"about":[{"href":"https:\/\/labitacoraradio.com.ar\/web\/index.php?rest_route=\/wp\/v2\/types\/post"}],"author":[{"embeddable":true,"href":"https:\/\/labitacoraradio.com.ar\/web\/index.php?rest_route=\/wp\/v2\/users\/2"}],"replies":[{"embeddable":true,"href":"https:\/\/labitacoraradio.com.ar\/web\/index.php?rest_route=%2Fwp%2Fv2%2Fcomments&post=19125"}],"version-history":[{"count":1,"href":"https:\/\/labitacoraradio.com.ar\/web\/index.php?rest_route=\/wp\/v2\/posts\/19125\/revisions"}],"predecessor-version":[{"id":19127,"href":"https:\/\/labitacoraradio.com.ar\/web\/index.php?rest_route=\/wp\/v2\/posts\/19125\/revisions\/19127"}],"wp:featuredmedia":[{"embeddable":true,"href":"https:\/\/labitacoraradio.com.ar\/web\/index.php?rest_route=\/wp\/v2\/media\/19126"}],"wp:attachment":[{"href":"https:\/\/labitacoraradio.com.ar\/web\/index.php?rest_route=%2Fwp%2Fv2%2Fmedia&parent=19125"}],"wp:term":[{"taxonomy":"category","embeddable":true,"href":"https:\/\/labitacoraradio.com.ar\/web\/index.php?rest_route=%2Fwp%2Fv2%2Fcategories&post=19125"},{"taxonomy":"post_tag","embeddable":true,"href":"https:\/\/labitacoraradio.com.ar\/web\/index.php?rest_route=%2Fwp%2Fv2%2Ftags&post=19125"}],"curies":[{"name":"wp","href":"https:\/\/api.w.org\/{rel}","templated":true}]}}