{"id":19273,"date":"2024-12-19T15:40:13","date_gmt":"2024-12-19T15:40:13","guid":{"rendered":"https:\/\/labitacoraradio.com.ar\/web\/?p=19273"},"modified":"2024-12-21T15:44:26","modified_gmt":"2024-12-21T15:44:26","slug":"parana-habilitaron-el-complejo-toma-vieja","status":"publish","type":"post","link":"https:\/\/labitacoraradio.com.ar\/web\/?p=19273","title":{"rendered":"Paran\u00e1: Habilitaron el complejo Toma Vieja"},"content":{"rendered":"\n<p class=\"has-medium-font-size\">Con mejoras en el predio y tambi\u00e9n con nuevas instalaciones, quedaron habilitadas este jueves las piletas del complejo municipal con acceso libre. El ingreso general tendr\u00e1 un costo de 1.500 pesos y menores de 12 a\u00f1os no abonan. <\/p>\n\n\n\n<p class=\"has-medium-font-size\">El horario en el que estar\u00e1 funcionando el complejo y se podr\u00e1n utilizar las piletas es de 8 a 20, mientras que la zona para acampar permanecer\u00e1 habilitada durante las 24 horas. En este sentido, vale considerar que la capacidad m\u00e1xima del predio es de dos mil personas.<\/p>\n\n\n\n<p class=\"has-medium-font-size\">\u201cVan a encontrar un lugar que va a contar con parrillas, con zona de camping, con zona de motorhome y una iluminaci\u00f3n LED renovada para que durante la noche tambi\u00e9n sea un lugar agradable para visitar\u201d, indic\u00f3 el secretario de Servicios P\u00fablicos, Juli\u00e1n Hirschfeld. Adem\u00e1s, agreg\u00f3 que el camping cuenta \u201ccon tres piletas; una pileta ol\u00edmpica de 50 metros, tambi\u00e9n una pileta m\u00e1s reducida, de la mitad de la capacidad, y otra pileta para los m\u00e1s chiquititos. Hay espacios de recreaci\u00f3n con juegos y tambi\u00e9n una proveedur\u00eda que estar\u00e1 funcionando para poder adquirir un alimento o una bebida\u201d.<\/p>\n\n\n\n<p class=\"has-medium-font-size\">Con la puesta en valor de este importante complejo, el funcionario dijo sentirse \u201cmuy contento porque, como dice la intendenta Rosario Romero, los espacios p\u00fablicos de la ciudad se renuevan, hay que sostenerlos, mantenerlos. La Toma ha quedado en muy buenas condiciones y en este sentido quiero felicitar a todos los empleados municipales que vienen trabajando para mejorar este camping\u201d. Por \u00faltimo, Hirschfeld remarc\u00f3 que \u201ccontamos con una cancha de futsal y tenemos un convenio con la Asociaci\u00f3n de Futsal que organiza torneos durante el verano y tambi\u00e9n con distintas organizaciones intermedias que realizan actividades en este predio\u201d.<\/p>\n\n\n\n<p class=\"has-medium-font-size\">Por su parte, la directora general del Complejo Toma Vieja, Bel\u00e9n N\u00fa\u00f1ez, se refiri\u00f3 a los trabajos que se han realizado y cont\u00f3: \u201cFuimos renovando los lavatorios, trabajamos en la mejora de las piletas, hicimos nuevas duchas en los ba\u00f1os, incorporamos parrillas; as\u00ed que los ciudadanos que vengan se van a encontrar con muchas cosas renovadas y nuevas, para que puedan pasar un d\u00eda bien y tranquilos\u201d. Tambi\u00e9n consider\u00f3 importante el trabajo realizado, porque \u201cfue hecho por los empleados municipales que le han puesto mucho entusiasmo y dedicaci\u00f3n a todo. Y vamos a seguir trabajando as\u00ed para poder servir a nuestros ciudadanos y mejorar d\u00eda a d\u00eda\u201d.<\/p>\n\n\n\n<p class=\"has-medium-font-size\"><strong>Valores para el ingreso al Complejo:<\/strong><\/p>\n\n\n\n<p class=\"has-medium-font-size\">-P\u00fablico en general, mayor de 11 a\u00f1os: 1.500 pesos.<\/p>\n\n\n\n<p class=\"has-medium-font-size\">-Empleados\/as municipales abonar\u00e1n 50% del valor del ingreso. Deber\u00e1n presentar su \u00faltimo recibo de haberes para gozar de este beneficio.<\/p>\n\n\n\n<p class=\"has-medium-font-size\">-Autom\u00f3viles: 700.<\/p>\n\n\n\n<p class=\"has-medium-font-size\">-Motos: 700.<\/p>\n\n\n\n<p class=\"has-medium-font-size\">-Motorhome: 3.600.<\/p>\n\n\n\n<p class=\"has-medium-font-size\">-Casas rodantes, tr\u00e1ileres, colectivos o camiones: 3.600.<\/p>\n\n\n\n<p class=\"has-medium-font-size\">Por otra parte, el derecho diario para permanecer en la Toma Vieja tendr\u00e1 los siguientes costos:<\/p>\n\n\n\n<p class=\"has-medium-font-size\">-Carpa: 6.800.<\/p>\n\n\n\n<p class=\"has-medium-font-size\">-Casillas rodantes: 9.000.<\/p>\n\n\n\n<p class=\"has-medium-font-size\">-Motorhome: 11.300.<\/p>\n\n\n\n<p class=\"has-medium-font-size\"><strong>Datos para tener en cuenta<\/strong><\/p>\n\n\n\n<p class=\"has-medium-font-size\">El Complejo Toma Vieja est\u00e1 ubicado en Blas Parera y calle Gobernador Crespo, al noreste de la capital entrerriana. El lugar cuenta con tres piscinas habilitadas y un gran espacio verde para realizar distintas actividades recreativas. Una de ellas es ol\u00edmpica, pues cuenta con una medida de 50&#215;24 metros, en tanto que otra es de 25&#215;12.<\/p>\n\n\n\n<p class=\"has-medium-font-size\">Adem\u00e1s, cuenta con todas las comodidades para acampar o pasar el d\u00eda, como: sector de asadores, espacios de juegos infantiles, canchas deportivas y mucho espacio verde.<\/p>\n\n\n\n<p><em>(Fuente: Elonce.com)<\/em><\/p>\n","protected":false},"excerpt":{"rendered":"<p>Con mejoras en el predio y tambi\u00e9n con nuevas instalaciones,&#8230;<\/p>\n","protected":false},"author":2,"featured_media":19274,"comment_status":"closed","ping_status":"closed","sticky":false,"template":"","format":"standard","meta":{"footnotes":""},"categories":[2336,3,17],"tags":[3322],"class_list":["post-19273","post","type-post","status-publish","format-standard","has-post-thumbnail","hentry","category-barralateral","category-municipales","category-turismo","tag-complejo-toma-vieja","wpcat-2336-id","wpcat-3-id","wpcat-17-id"],"_links":{"self":[{"href":"https:\/\/labitacoraradio.com.ar\/web\/index.php?rest_route=\/wp\/v2\/posts\/19273","targetHints":{"allow":["GET"]}}],"collection":[{"href":"https:\/\/labitacoraradio.com.ar\/web\/index.php?rest_route=\/wp\/v2\/posts"}],"about":[{"href":"https:\/\/labitacoraradio.com.ar\/web\/index.php?rest_route=\/wp\/v2\/types\/post"}],"author":[{"embeddable":true,"href":"https:\/\/labitacoraradio.com.ar\/web\/index.php?rest_route=\/wp\/v2\/users\/2"}],"replies":[{"embeddable":true,"href":"https:\/\/labitacoraradio.com.ar\/web\/index.php?rest_route=%2Fwp%2Fv2%2Fcomments&post=19273"}],"version-history":[{"count":1,"href":"https:\/\/labitacoraradio.com.ar\/web\/index.php?rest_route=\/wp\/v2\/posts\/19273\/revisions"}],"predecessor-version":[{"id":19275,"href":"https:\/\/labitacoraradio.com.ar\/web\/index.php?rest_route=\/wp\/v2\/posts\/19273\/revisions\/19275"}],"wp:featuredmedia":[{"embeddable":true,"href":"https:\/\/labitacoraradio.com.ar\/web\/index.php?rest_route=\/wp\/v2\/media\/19274"}],"wp:attachment":[{"href":"https:\/\/labitacoraradio.com.ar\/web\/index.php?rest_route=%2Fwp%2Fv2%2Fmedia&parent=19273"}],"wp:term":[{"taxonomy":"category","embeddable":true,"href":"https:\/\/labitacoraradio.com.ar\/web\/index.php?rest_route=%2Fwp%2Fv2%2Fcategories&post=19273"},{"taxonomy":"post_tag","embeddable":true,"href":"https:\/\/labitacoraradio.com.ar\/web\/index.php?rest_route=%2Fwp%2Fv2%2Ftags&post=19273"}],"curies":[{"name":"wp","href":"https:\/\/api.w.org\/{rel}","templated":true}]}}