{"id":19915,"date":"2025-03-04T22:18:03","date_gmt":"2025-03-04T22:18:03","guid":{"rendered":"https:\/\/labitacoraradio.com.ar\/web\/?p=19915"},"modified":"2025-03-04T22:18:05","modified_gmt":"2025-03-04T22:18:05","slug":"adorni-quiere-un-boton-silenciador-para-sus-conferencias-de-prensa","status":"publish","type":"post","link":"https:\/\/labitacoraradio.com.ar\/web\/?p=19915","title":{"rendered":"Adorni quiere un bot\u00f3n \u00absilenciador\u00bb para sus conferencias de prensa"},"content":{"rendered":"\n<p class=\"has-medium-font-size\">El vocero presidencial analiza la chance de incorporar una herramienta al atril en el que dicta sus habituales comunicaciones para moderar las intervenciones del periodismo. Tambien quiere incorporar a blogueros e influencers a las rondas de prensa.<br><br>Manuel Adorni, quiere la posibilidad de limitar la participaci\u00f3n de los periodistas a trav\u00e9s de la intervenci\u00f3n del uso del micr\u00f3fono de los designados para preguntar en la habitual conferencia semanal que brinda desde Casa Rosada.<\/p>\n\n\n\n<p class=\"has-medium-font-size\">La idea del Gobierno Nacional de impulsar transformaciones estructurales alcanza incluso hasta al funcionamiento de la Sala de Periodistas de Casa Rosada. \u00abNuestro esp\u00edritu es el de la libertad y no el de la censura\u00bb, pronunci\u00f3 el vocero como premisa durante la \u00faltima conferencia en la que desminti\u00f3 restricciones en la cobertura de la Asamblea Legislativa.<\/p>\n\n\n\n<p class=\"has-medium-font-size\">En la lista de implementaciones a instrumentar, el funcionario apuesta a modificar el atril ubicado en el centro de la sala de Conferencias, desde donde responde preguntas de los representantes de los distintos medios de comunicaci\u00f3n una o dos veces a la semana, para a\u00f1adir un bot\u00f3n que le permita mutear el artefacto y evitar as\u00ed los extensos cruces con la prensa acreditada.<\/p>\n\n\n\n<p class=\"has-medium-font-size\">Luego de protagonizar una serie de idas y vueltas que adquirieron viralidad en redes sociales, el funcionario intenta limitar la participaci\u00f3n period\u00edstica, con la intenci\u00f3n de \u201cordenar\u201d sus declaraciones matinales.<\/p>\n\n\n\n<p class=\"has-medium-font-size\">Bajo esa misma premisa es que Adorni tambi\u00e9n hace p\u00fablico su disconformidad con los ruidos que perturban el normal desarrollo de las conferencias, por eso, su equipo solicita habitualmente que los celulares est\u00e9n en \u201cmodo silencioso\u201d.De esta forma, la administraci\u00f3n libertaria suma una nueva idea a la serie de modificaciones que intenta aplicar a partir de marzo que van desde un nuevo \u201cc\u00f3digo de vestimenta\u201d, que incluye el uso de saco y corbata para hombres. Por ahora, no hay precisi\u00f3n sobre el atuendo de las mujeres en la b\u00fasqueda de un marco formal a las comunicaciones.<\/p>\n\n\n\n<p class=\"has-medium-font-size\">El vocero apuesta a impulsar una resoluci\u00f3n que le permita imitar el modelo adoptado por el presidente estadounidense, Donald Trump, en la Casa Blanca en el que le abri\u00f3 las puertas a influencers, blogueros, youtubers, y personalidades de las redes sociales, como lo anunci\u00f3 tras su asunci\u00f3n la portavoz Karoline Leavitt.<\/p>\n\n\n\n<p class=\"has-medium-font-size\">El antecedente a la resoluci\u00f3n libertaria fue la acreditaci\u00f3n del youtuber libertario, Mariano P\u00e9rez, cuyo canal de Youtube Break Point acumula casi un mill\u00f3n y medio de suscriptores, y que pese a haber transmitido algunas actividades oficiales, se lo ha visto en las conferencias que protagoniza el vocero.<\/p>\n\n\n\n<p class=\"has-medium-font-size\">Otras de las exigencias que busca implementar la administraci\u00f3n libertaria alcanza a los propietarios de los medios. Por eso, aspiran a limitar el acceso a Balcarce 50 solo a periodistas acreditados que mantengan una \u201crelaci\u00f3n de dependencia\u201d con su empleador.<\/p>\n\n\n\n<p class=\"has-medium-font-size\">Seg\u00fan argumentaron, la idea apunta a que los trabajadores de prensa adquieran mejores condiciones laborales, y puedan contar con aseguradora de riesgo de trabajo (ART). En todas estas ideas trabaja el equipo que rodea a Manuel Adorni, que promete cambios en el corto plazo.<\/p>\n\n\n\n<p><em>(Fuente: NA)<\/em><\/p>\n","protected":false},"excerpt":{"rendered":"<p>El vocero presidencial analiza la chance de incorporar una herramienta&#8230;<\/p>\n","protected":false},"author":2,"featured_media":19916,"comment_status":"closed","ping_status":"closed","sticky":false,"template":"","format":"standard","meta":{"footnotes":""},"categories":[2336,1],"tags":[2683,2321],"class_list":["post-19915","post","type-post","status-publish","format-standard","has-post-thumbnail","hentry","category-barralateral","category-politica","tag-libertad-de-prensa","tag-manuel-adorni","wpcat-2336-id","wpcat-1-id"],"_links":{"self":[{"href":"https:\/\/labitacoraradio.com.ar\/web\/index.php?rest_route=\/wp\/v2\/posts\/19915","targetHints":{"allow":["GET"]}}],"collection":[{"href":"https:\/\/labitacoraradio.com.ar\/web\/index.php?rest_route=\/wp\/v2\/posts"}],"about":[{"href":"https:\/\/labitacoraradio.com.ar\/web\/index.php?rest_route=\/wp\/v2\/types\/post"}],"author":[{"embeddable":true,"href":"https:\/\/labitacoraradio.com.ar\/web\/index.php?rest_route=\/wp\/v2\/users\/2"}],"replies":[{"embeddable":true,"href":"https:\/\/labitacoraradio.com.ar\/web\/index.php?rest_route=%2Fwp%2Fv2%2Fcomments&post=19915"}],"version-history":[{"count":1,"href":"https:\/\/labitacoraradio.com.ar\/web\/index.php?rest_route=\/wp\/v2\/posts\/19915\/revisions"}],"predecessor-version":[{"id":19917,"href":"https:\/\/labitacoraradio.com.ar\/web\/index.php?rest_route=\/wp\/v2\/posts\/19915\/revisions\/19917"}],"wp:featuredmedia":[{"embeddable":true,"href":"https:\/\/labitacoraradio.com.ar\/web\/index.php?rest_route=\/wp\/v2\/media\/19916"}],"wp:attachment":[{"href":"https:\/\/labitacoraradio.com.ar\/web\/index.php?rest_route=%2Fwp%2Fv2%2Fmedia&parent=19915"}],"wp:term":[{"taxonomy":"category","embeddable":true,"href":"https:\/\/labitacoraradio.com.ar\/web\/index.php?rest_route=%2Fwp%2Fv2%2Fcategories&post=19915"},{"taxonomy":"post_tag","embeddable":true,"href":"https:\/\/labitacoraradio.com.ar\/web\/index.php?rest_route=%2Fwp%2Fv2%2Ftags&post=19915"}],"curies":[{"name":"wp","href":"https:\/\/api.w.org\/{rel}","templated":true}]}}