{"id":20142,"date":"2025-03-31T17:41:15","date_gmt":"2025-03-31T17:41:15","guid":{"rendered":"https:\/\/labitacoraradio.com.ar\/web\/?p=20142"},"modified":"2025-04-02T17:43:19","modified_gmt":"2025-04-02T17:43:19","slug":"la-municipalidad-intensifica-vacunacion-contra-el-sarampion","status":"publish","type":"post","link":"https:\/\/labitacoraradio.com.ar\/web\/?p=20142","title":{"rendered":"La Municipalidad intensifica vacunaci\u00f3n contra el sarampi\u00f3n"},"content":{"rendered":"\n<p class=\"has-medium-font-size\">Se realiza en los Centros de Atenci\u00f3n Primaria de la Salud (CAPS), en respuesta a los casos de sarampi\u00f3n registrados en otras ciudades. La estrategia incluye el control de carnets y la aplicaci\u00f3n gratuita de la vacuna triple viral, vital para prevenir esta enfermedad altamente contagiosa. El pasado viernes se realiz\u00f3 una jornada de visibilizaci\u00f3n en el CAPS La Toma.<\/p>\n\n\n\n<p class=\"has-medium-font-size\">El esfuerzo \u201cse centra en asegurar que los carnets de vacunaci\u00f3n de los ni\u00f1os est\u00e9n actualizados\u201d, explic\u00f3 la secretaria de salud de Paran\u00e1, Claudia Enrique, quien precis\u00f3 que el sarampi\u00f3n \u201ces una enfermedad viral altamente contagiosa, transmitida por microgotas de saliva en espacios cerrados, con potencial de causar complicaciones graves\u201d.<\/p>\n\n\n\n<p class=\"has-medium-font-size\">El director general de Salud Municipal y encargado del Centro de Salud Toma Nueva, Santiago Scetta, explic\u00f3: \u201cEstamos controlando que los carnets est\u00e9n al d\u00eda, enfoc\u00e1ndonos en la vacuna triple viral\u201d<\/p>\n\n\n\n<p class=\"has-medium-font-size\">Cecilia Aguilar, pediatra del centro, enfatiz\u00f3 la importancia de las vacunas: \u201cSon gratuitas, seguras y protegen contra el sarampi\u00f3n y otras enfermedades\u201d. En menores de seis a\u00f1os, se requieren dos dosis; para mayores con esquemas incompletos, tambi\u00e9n se aplican las faltantes.<\/p>\n\n\n\n<p class=\"has-medium-font-size\">La Municipalidad planea replicar estas jornadas en otros CAPS y coordinar con redes comunitarias para ampliar el alcance. \u201cInvitamos a toda la poblaci\u00f3n, incluso de otros barrios, a acercarse. La prevenci\u00f3n es colectiva\u201d precis\u00f3 Scetta. Los CAPS est\u00e1n abiertos de lunes a viernes para vacunaci\u00f3n, y se ofrece asistencia en caso de p\u00e9rdida del carnet.<\/p>\n\n\n\n<p class=\"has-medium-font-size\">Este esfuerzo local se enmarca en una campa\u00f1a nacional lanzada por el Ministerio de Salud, tras la detecci\u00f3n de un caso importado de Rusia que reactiv\u00f3 el brote en Buenos Aires. Desde Entre R\u00edos, se ha instado a verificar los esquemas de vacunaci\u00f3n, especialmente en ni\u00f1os de 12 meses a cuatro a\u00f1os y en mayores de cinco a\u00f1os.<\/p>\n\n\n\n<p><em>(Fuente: Municipalidad de Paran\u00e1)<\/em><\/p>\n","protected":false},"excerpt":{"rendered":"<p>Se realiza en los Centros de Atenci\u00f3n Primaria de la&#8230;<\/p>\n","protected":false},"author":2,"featured_media":20143,"comment_status":"closed","ping_status":"closed","sticky":false,"template":"","format":"standard","meta":{"footnotes":""},"categories":[3,11],"tags":[3163,180],"class_list":["post-20142","post","type-post","status-publish","format-standard","has-post-thumbnail","hentry","category-municipales","category-salud","tag-sarampion","tag-vacunacion","wpcat-3-id","wpcat-11-id"],"_links":{"self":[{"href":"https:\/\/labitacoraradio.com.ar\/web\/index.php?rest_route=\/wp\/v2\/posts\/20142","targetHints":{"allow":["GET"]}}],"collection":[{"href":"https:\/\/labitacoraradio.com.ar\/web\/index.php?rest_route=\/wp\/v2\/posts"}],"about":[{"href":"https:\/\/labitacoraradio.com.ar\/web\/index.php?rest_route=\/wp\/v2\/types\/post"}],"author":[{"embeddable":true,"href":"https:\/\/labitacoraradio.com.ar\/web\/index.php?rest_route=\/wp\/v2\/users\/2"}],"replies":[{"embeddable":true,"href":"https:\/\/labitacoraradio.com.ar\/web\/index.php?rest_route=%2Fwp%2Fv2%2Fcomments&post=20142"}],"version-history":[{"count":1,"href":"https:\/\/labitacoraradio.com.ar\/web\/index.php?rest_route=\/wp\/v2\/posts\/20142\/revisions"}],"predecessor-version":[{"id":20144,"href":"https:\/\/labitacoraradio.com.ar\/web\/index.php?rest_route=\/wp\/v2\/posts\/20142\/revisions\/20144"}],"wp:featuredmedia":[{"embeddable":true,"href":"https:\/\/labitacoraradio.com.ar\/web\/index.php?rest_route=\/wp\/v2\/media\/20143"}],"wp:attachment":[{"href":"https:\/\/labitacoraradio.com.ar\/web\/index.php?rest_route=%2Fwp%2Fv2%2Fmedia&parent=20142"}],"wp:term":[{"taxonomy":"category","embeddable":true,"href":"https:\/\/labitacoraradio.com.ar\/web\/index.php?rest_route=%2Fwp%2Fv2%2Fcategories&post=20142"},{"taxonomy":"post_tag","embeddable":true,"href":"https:\/\/labitacoraradio.com.ar\/web\/index.php?rest_route=%2Fwp%2Fv2%2Ftags&post=20142"}],"curies":[{"name":"wp","href":"https:\/\/api.w.org\/{rel}","templated":true}]}}