{"id":20197,"date":"2025-04-13T12:44:48","date_gmt":"2025-04-13T12:44:48","guid":{"rendered":"https:\/\/labitacoraradio.com.ar\/web\/?p=20197"},"modified":"2025-04-14T12:48:15","modified_gmt":"2025-04-14T12:48:15","slug":"francos-expondra-en-diputados-en-medio-del-escandalo-por-la-criptomoneda-libra","status":"publish","type":"post","link":"https:\/\/labitacoraradio.com.ar\/web\/?p=20197","title":{"rendered":"Francos expondr\u00e1 en Diputados, en medio del escandalo por la criptomoneda Libra"},"content":{"rendered":"\n<p class=\"has-medium-font-size\">El jefe de Gabinete brindar\u00e1 su informe de gesti\u00f3n un d\u00eda despu\u00e9s que se haya terminado de conformar la comisi\u00f3n investigadora sobre el criptogate<br><br>El jefe de Gabinete, Guillermo Francos, brindar\u00e1 su primer informe del a\u00f1o en la C\u00e1mara de Diputados sobre la gesti\u00f3n de Gobierno y responder\u00e1 preguntas, donde los temas centrales que monopolizar\u00e1n esa sesi\u00f3n ser\u00e1n la econom\u00eda y el esc\u00e1ndalo de la criptomoneda donde se investigan al presidente Javier Milei.<\/p>\n\n\n\n<p class=\"has-medium-font-size\">Francos concurrir\u00e1 este mi\u00e9rcoles a la C\u00e1mara de Diputados, donde el martes se terminar\u00e1 de conformar la comisi\u00f3n investigadora sobre la estafa Libra, y cuya integraci\u00f3n es motivo de peleas pol\u00edticas entre el oficialismo y sus aliados, y la oposici\u00f3n mas dura encarnada por Uni\u00f3n por la Patria.<\/p>\n\n\n\n<p class=\"has-medium-font-size\">De todas maneras, el criptogate ser\u00e1 motivo de una interpelaci\u00f3n que se realizar\u00e1 el martes 22 con lo cual el jefe coordinador del Gobierno deber\u00e1 concurrir dos veces este mes, ya que la convocatoria est\u00e1 vinculada a dos art\u00edculos diferente de la Constituci\u00f3n Nacional.<\/p>\n\n\n\n<p class=\"has-medium-font-size\">Por lado, Francos debe cumplir con el art\u00edculo 101 de la Constitucional Nacional sobre los informes mensuales que debe brindar a cada c\u00e1mara sobre la gesti\u00f3n del Gobierno y por el otro lado el articulo 71 de la Carta sobre interpelaciones a los funcionarios del Gobierno.<\/p>\n\n\n\n<p class=\"has-medium-font-size\">La primera cita ser\u00e1 el mi\u00e9rcoles a las 14.30 en un d\u00eda previo al fin de Semana Santa donde muchos legisladores no podr\u00e1n viajar por la dificultad de conseguir vuelos y por eso hab\u00eda diputados que ped\u00edan cambiar la fecha, con lo cual es posible que haya muchas ausencias ese d\u00eda.<\/p>\n\n\n\n<p class=\"has-medium-font-size\">Francos concurrir\u00e1 a exponer sobre la marcha del Gobierno y luego responder\u00e1 preguntas de las cuales la mayor\u00eda esta vinculada al criptogate Libra, promovido por el presidente Javier Milei en sus redes sociales, que termin\u00f3 en una estafa para los inversores y que gener\u00f3 demandas en la Argentina y Estados Unidos.<\/p>\n\n\n\n<p class=\"has-medium-font-size\">Fuentes de la Jefatura de Gabinete se\u00f1alaron que se enviaron unas 4000 preguntas y que descontando las que son repetidas son un poco m\u00e1s de 2.300, de las cuales cerca del 40%, son vinculadas a la econom\u00eda. .<\/p>\n\n\n\n<p class=\"has-medium-font-size\">Sobre el escandalo del criptogate hubo alrededor de 120 preguntas que formularon legisladores de la oposici\u00f3n, que quedar\u00e1n resumidas en 70 respuestas, se\u00f1alaron las fuentes oficiales. .<\/p>\n\n\n\n<p class=\"has-medium-font-size\">Los bloques opositores preguntar\u00e1n a Francos tras su informe verbal sobre la paralizaci\u00f3n de la obra p\u00fablica, la situaci\u00f3n de los jubilados y las dificultades que tiene la clase pasiva a poder acceder al beneficio cuando no tenga los 30 a\u00f1os de aportes debido a que se concluy\u00f3 la moratoria, el aumento de la inflaci\u00f3n teniendo en cuenta que subi\u00f3 del 2,4 al 3,7 por ciento.<\/p>\n\n\n\n<p class=\"has-medium-font-size\">Otro de los temas que los diputados consultaron al jefe de Gabinete fue sobre el acuerdo con el Fondo Monetario Internacional y el Gobierno Nacional por un monto de unos 20 mil millones d\u00f3lares y sobre los detalles de plazo de pago e intereses.<\/p>\n\n\n\n<p class=\"has-medium-font-size\">Tambi\u00e9n los diputados quieren tener precisiones sobre la represi\u00f3n que existi\u00f3 en el Congreso Nacional durante las marchas de los jubilados y organizaciones sociales y pol\u00edticas al Congreso, donde el fotografo Pablo Grillo, herido gravemente el pasado 12 de Marzo.<\/p>\n\n\n\n<p><em>(Fuente: NA)<\/em><\/p>\n","protected":false},"excerpt":{"rendered":"<p>El jefe de Gabinete brindar\u00e1 su informe de gesti\u00f3n un&#8230;<\/p>\n","protected":false},"author":2,"featured_media":20198,"comment_status":"closed","ping_status":"closed","sticky":false,"template":"","format":"standard","meta":{"footnotes":""},"categories":[1],"tags":[3416,66,2526],"class_list":["post-20197","post","type-post","status-publish","format-standard","has-post-thumbnail","hentry","category-politica","tag-libra-2","tag-diputados","tag-guillermo-francos","wpcat-1-id"],"_links":{"self":[{"href":"https:\/\/labitacoraradio.com.ar\/web\/index.php?rest_route=\/wp\/v2\/posts\/20197","targetHints":{"allow":["GET"]}}],"collection":[{"href":"https:\/\/labitacoraradio.com.ar\/web\/index.php?rest_route=\/wp\/v2\/posts"}],"about":[{"href":"https:\/\/labitacoraradio.com.ar\/web\/index.php?rest_route=\/wp\/v2\/types\/post"}],"author":[{"embeddable":true,"href":"https:\/\/labitacoraradio.com.ar\/web\/index.php?rest_route=\/wp\/v2\/users\/2"}],"replies":[{"embeddable":true,"href":"https:\/\/labitacoraradio.com.ar\/web\/index.php?rest_route=%2Fwp%2Fv2%2Fcomments&post=20197"}],"version-history":[{"count":1,"href":"https:\/\/labitacoraradio.com.ar\/web\/index.php?rest_route=\/wp\/v2\/posts\/20197\/revisions"}],"predecessor-version":[{"id":20199,"href":"https:\/\/labitacoraradio.com.ar\/web\/index.php?rest_route=\/wp\/v2\/posts\/20197\/revisions\/20199"}],"wp:featuredmedia":[{"embeddable":true,"href":"https:\/\/labitacoraradio.com.ar\/web\/index.php?rest_route=\/wp\/v2\/media\/20198"}],"wp:attachment":[{"href":"https:\/\/labitacoraradio.com.ar\/web\/index.php?rest_route=%2Fwp%2Fv2%2Fmedia&parent=20197"}],"wp:term":[{"taxonomy":"category","embeddable":true,"href":"https:\/\/labitacoraradio.com.ar\/web\/index.php?rest_route=%2Fwp%2Fv2%2Fcategories&post=20197"},{"taxonomy":"post_tag","embeddable":true,"href":"https:\/\/labitacoraradio.com.ar\/web\/index.php?rest_route=%2Fwp%2Fv2%2Ftags&post=20197"}],"curies":[{"name":"wp","href":"https:\/\/api.w.org\/{rel}","templated":true}]}}