{"id":20537,"date":"2025-06-16T08:14:00","date_gmt":"2025-06-16T08:14:00","guid":{"rendered":"https:\/\/labitacoraradio.com.ar\/web\/?p=20537"},"modified":"2025-06-16T20:17:18","modified_gmt":"2025-06-16T20:17:18","slug":"sube-actualizacion-de-los-vencimientos-de-los-beneficios-locales","status":"publish","type":"post","link":"https:\/\/labitacoraradio.com.ar\/web\/?p=20537","title":{"rendered":"SUBE: Actualizaci\u00f3n de los vencimientos de los beneficios locales"},"content":{"rendered":"\n<p class=\"has-medium-font-size\">Desde este martes 17 de junio comienza la actualizaci\u00f3n de los vencimientos de todos los beneficios. Se podr\u00e1 realizar el tr\u00e1mite en la Unidad de Gesti\u00f3n (Almafuerte 233), sin turno. Tambi\u00e9n se podr\u00e1 renovar en alguna de las 25 terminales de SUBE. En Peatonal San Mart\u00edn habr\u00e1 un operativo especial.<\/p>\n\n\n\n<p class=\"has-medium-font-size\">A ra\u00edz de una actualizaci\u00f3n del sistema SUBE a nivel nacional, la Municipalidad de Paran\u00e1 convoca a los beneficiarios locales que cuenten con tarifas especiales a acercarse a actualizar los vencimientos.<\/p>\n\n\n\n<p class=\"has-medium-font-size\">El tr\u00e1mite es exclusivo para los usuarios de la ciudad de Paran\u00e1. Se puede realizar en la sede de SUBE, ubicada en calle Almafuerte 233 de 8 a 13 hs o en cualquiera de los 25 puntos vigentes que hay en la ciudad. Adem\u00e1s, habr\u00e1 un operativo especial a partir de este martes 17 en la peatonal San Mart\u00edn \u2013frente a Plaza de Mayo- de 9 a 12 hs. El mismo se extender\u00e1 hasta julio de lunes a mi\u00e9rcoles en el centro de la ciudad y los d\u00edas jueves y viernes en instituciones educativas y comisiones vecinales, con el fin de llegar a la mayor\u00eda de los beneficiarios.<\/p>\n\n\n\n<p class=\"has-medium-font-size\">Aquellos usuarios que cuenten con tecnolog\u00eda NFC en sus tel\u00e9fonos celulares, podr\u00e1n hacer la actualizaci\u00f3n desde su dispositivo a trav\u00e9s de la aplicaci\u00f3n de SUBE.<\/p>\n\n\n\n<p class=\"has-medium-font-size\">\u201cLa fecha de vencimiento de cada beneficio seguir\u00e1 siendo la misma, solamente tienen que pasar a actualizar para seguir manteniendo el beneficio. Cabe aclarar que no les va a dejar de funcionar siempre y cuando no se extienda en el tiempo porque tenemos hasta la primera semana de julio para hacer la actualizaci\u00f3n. Despu\u00e9s de esa semana, si la persona no pasa por una TAS para que se actualicen las fechas de vencimiento, s\u00ed le va a dejar de funcionar el beneficio\u201d, declar\u00f3 Leonardo Nessi, director de SUBE Paran\u00e1.<\/p>\n\n\n\n<p class=\"has-medium-font-size\"><strong>Puntos existentes<\/strong><\/p>\n\n\n\n<p class=\"has-medium-font-size\">Unidad de Gesti\u00f3n SUBE Paran\u00e1 &#8211; Av. Almafuerte 233<br>UTN Paran\u00e1 &#8211; Av. Almafuerte 1033<br>Escuela Hogar Eva Per\u00f3n &#8211; Av. Don Bosco 749<br>Edificio 5 esquinas -piso inferior- sobre Av. Echag\u00fce<br>Terminal de \u00d3mnibus Paran\u00e1 &#8211; Av. Francisco Ram\u00edrez 2350<br>UNER &#8211; Facultad de Cs. Econ\u00f3micas &#8211; J.J. Urquiza 552<br>Direcci\u00f3n de Catastro Municipal &#8211; 25 de mayo 126<br>Palacio Municipal &#8211; Urquiza y Corrientes<br>Escuela Normal &#8211; Corrientes y Urquiza<br>Banco Naci\u00f3n &#8211; sucursal calle La Paz N\u00b0 5<br>Colegio Nacional &#8211; Garay 61<br>UNER &#8211; Facultad de Ciencias de la Educaci\u00f3n &#8211; Buenos Aires 389<br>Consejo General de Educaci\u00f3n &#8211; C\u00f3rdoba 305<br>Hospital de la Baxada &#8211; Gral. Alvarado y Espejo<br>UADER &#8211; Facultad de Cs. de la Gesti\u00f3n &#8211; El Paracao 950<br>Cementerio Municipal &#8211; Per\u00fa y Cadete Cejas<br>Unidad San Agust\u00edn &#8211; Z\u00e1rate y Los jacarandaes<br>CIC B\u00ba La Floresta &#8211; Resero y Burmeister<br>CEMI &#8211; Juan B\u00e1ez 2200<br>Centro de Salud Dr. O\u00f1ativia &#8211; Av. P. Zanni 1492<br>Hospital Escuela de Salud Mental &#8211; Ambrosetti y Rondeau<br>CIC 2 Paran\u00e1 &#8211; Almte. Guillermo Brown 1898<br>E.E.T. N\u00b0 1 Gral. Francisco Ram\u00edrez &#8211; Martin Zapata 1053<br>UADER &#8211; Facultad de Ciencia y Tecnolog\u00eda &#8211; Km 10,5, RP11, Oro Verde<br>UNER &#8211; Facultad de Ciencias Agropecuarias &#8211; Ruta Prov. 11, Oro Verde<\/p>\n\n\n\n<p><em>(Fuente: Municipalidad de Paran\u00e1)<\/em><\/p>\n","protected":false},"excerpt":{"rendered":"<p>Desde este martes 17 de junio comienza la actualizaci\u00f3n de&#8230;<\/p>\n","protected":false},"author":2,"featured_media":20538,"comment_status":"closed","ping_status":"closed","sticky":false,"template":"","format":"standard","meta":{"footnotes":""},"categories":[2336,34],"tags":[646],"class_list":["post-20537","post","type-post","status-publish","format-standard","has-post-thumbnail","hentry","category-barralateral","category-servicios-publicos","tag-sube","wpcat-2336-id","wpcat-34-id"],"_links":{"self":[{"href":"https:\/\/labitacoraradio.com.ar\/web\/index.php?rest_route=\/wp\/v2\/posts\/20537","targetHints":{"allow":["GET"]}}],"collection":[{"href":"https:\/\/labitacoraradio.com.ar\/web\/index.php?rest_route=\/wp\/v2\/posts"}],"about":[{"href":"https:\/\/labitacoraradio.com.ar\/web\/index.php?rest_route=\/wp\/v2\/types\/post"}],"author":[{"embeddable":true,"href":"https:\/\/labitacoraradio.com.ar\/web\/index.php?rest_route=\/wp\/v2\/users\/2"}],"replies":[{"embeddable":true,"href":"https:\/\/labitacoraradio.com.ar\/web\/index.php?rest_route=%2Fwp%2Fv2%2Fcomments&post=20537"}],"version-history":[{"count":1,"href":"https:\/\/labitacoraradio.com.ar\/web\/index.php?rest_route=\/wp\/v2\/posts\/20537\/revisions"}],"predecessor-version":[{"id":20539,"href":"https:\/\/labitacoraradio.com.ar\/web\/index.php?rest_route=\/wp\/v2\/posts\/20537\/revisions\/20539"}],"wp:featuredmedia":[{"embeddable":true,"href":"https:\/\/labitacoraradio.com.ar\/web\/index.php?rest_route=\/wp\/v2\/media\/20538"}],"wp:attachment":[{"href":"https:\/\/labitacoraradio.com.ar\/web\/index.php?rest_route=%2Fwp%2Fv2%2Fmedia&parent=20537"}],"wp:term":[{"taxonomy":"category","embeddable":true,"href":"https:\/\/labitacoraradio.com.ar\/web\/index.php?rest_route=%2Fwp%2Fv2%2Fcategories&post=20537"},{"taxonomy":"post_tag","embeddable":true,"href":"https:\/\/labitacoraradio.com.ar\/web\/index.php?rest_route=%2Fwp%2Fv2%2Ftags&post=20537"}],"curies":[{"name":"wp","href":"https:\/\/api.w.org\/{rel}","templated":true}]}}