{"id":20822,"date":"2025-08-08T21:21:24","date_gmt":"2025-08-08T21:21:24","guid":{"rendered":"https:\/\/labitacoraradio.com.ar\/web\/?p=20822"},"modified":"2025-08-11T21:26:30","modified_gmt":"2025-08-11T21:26:30","slug":"parana-fue-sede-del-hacking-day","status":"publish","type":"post","link":"https:\/\/labitacoraradio.com.ar\/web\/?p=20822","title":{"rendered":"Paran\u00e1 fue sede del Hacking Day"},"content":{"rendered":"\n<p class=\"has-medium-font-size\">El evento impuls\u00f3 la visualizaci\u00f3n y el fortalecimiento del ecosistema de la seguridad inform\u00e1tica en la regi\u00f3n. Fue organizado por la Municipalidad, el Laboratorio de Seguridad de la Informaci\u00f3n de la Facultad de Ciencia y Tecnolog\u00eda UADER. Participaron m\u00e1s de 450 personas interesadas en la tecnolog\u00eda y la seguridad digital.<\/p>\n\n\n\n<p class=\"has-medium-font-size\">El Hacking Day 2025 se desarroll\u00f3 por primera vez en Paran\u00e1. La propuesta, que tuvo lugar en Sala Mayo, impuls\u00f3 la visualizaci\u00f3n y el fortalecimiento del ecosistema de la seguridad inform\u00e1tica en la regi\u00f3n, promoviendo una mirada cr\u00edtica, \u00e9tica y pr\u00e1ctica sobre los desaf\u00edos actuales.<\/p>\n\n\n\n<p class=\"has-medium-font-size\">\u201cHacer foco en la ciberseguridad y la protecci\u00f3n de datos personales es una manera de aprender a cuidarnos, a cuidar los datos. Adem\u00e1s, al Estado, y tambi\u00e9n a empresas, nos permite conocer d\u00f3nde invertir para prevenir ataques de ciberseguridad\u201d, se\u00f1al\u00f3 el jefe de Gabinete, Santiago Halle.<\/p>\n\n\n\n<p class=\"has-medium-font-size\">\u201cParan\u00e1 fue pionera en la organizaci\u00f3n institucional del pa\u00eds, fue capital de la Confederaci\u00f3n Argentina, tiene much\u00edsima historia y tambi\u00e9n tiene mucho futuro por delante. Hablar de ciberseguridad en el Hacking Day, con oradores de todas partes de Argentina, es parte de ese futuro que construimos entre todos\u201d, valor\u00f3 Halle<\/p>\n\n\n\n<p class=\"has-medium-font-size\">La iniciativa estuvo dedicada a profesionales de ciberseguridad, desarrollo de aplicaciones y sistemas inform\u00e1ticos, equipos t\u00e9cnicos de gobiernos, universidades, empresas, ONGs, estudiantes y docentes de inform\u00e1tica, seguridad, sistemas, electr\u00f3nica, activistas digitales, hackers \u00e9ticos, makers, entusiastas tech y p\u00fablico general interesado en temas de tecnolog\u00eda y seguridad digital.<\/p>\n\n\n\n<p class=\"has-medium-font-size\">\u201cLa ciberseguridad es uno de los temas del momento, junto con la inteligencia artificial, porque a medida que m\u00e1s conectados estamos es mayor el riesgo que corremos. El Hacking Day apunta a la ciberseguridad de manera proactiva, es decir preventiva y no reactiva que es post-ataque\u201d, destac\u00f3 Juan Pablo Filipuzzi, decano de la Facultad de Ciencia y Tecnolog\u00eda.<\/p>\n\n\n\n<p class=\"has-medium-font-size\">\u201cEs importante hacer conciencia en ciberseguridad y trabajar en comunidad en este ambiente que hoy presenta una gran demanda laboral. Este espacio permite a los participantes consultar las dudas con los profesionales disertaron, que hablen con los referentes y que compartan conocimientos\u201d, se\u00f1al\u00f3 el coordinador general de Innovaci\u00f3n P\u00fablica y Transformaci\u00f3n Digital de la Municipalidad, Emanuel Orzuza.<\/p>\n\n\n\n<p><em>(Fuente: Municipalidad de Paran\u00e1)<\/em><\/p>\n","protected":false},"excerpt":{"rendered":"<p>El evento impuls\u00f3 la visualizaci\u00f3n y el fortalecimiento del ecosistema&#8230;<\/p>\n","protected":false},"author":2,"featured_media":20823,"comment_status":"closed","ping_status":"closed","sticky":false,"template":"","format":"standard","meta":{"footnotes":""},"categories":[749],"tags":[3536],"class_list":["post-20822","post","type-post","status-publish","format-standard","has-post-thumbnail","hentry","category-ciencia-y-tecnologia","tag-hacking-day","wpcat-749-id"],"_links":{"self":[{"href":"https:\/\/labitacoraradio.com.ar\/web\/index.php?rest_route=\/wp\/v2\/posts\/20822","targetHints":{"allow":["GET"]}}],"collection":[{"href":"https:\/\/labitacoraradio.com.ar\/web\/index.php?rest_route=\/wp\/v2\/posts"}],"about":[{"href":"https:\/\/labitacoraradio.com.ar\/web\/index.php?rest_route=\/wp\/v2\/types\/post"}],"author":[{"embeddable":true,"href":"https:\/\/labitacoraradio.com.ar\/web\/index.php?rest_route=\/wp\/v2\/users\/2"}],"replies":[{"embeddable":true,"href":"https:\/\/labitacoraradio.com.ar\/web\/index.php?rest_route=%2Fwp%2Fv2%2Fcomments&post=20822"}],"version-history":[{"count":1,"href":"https:\/\/labitacoraradio.com.ar\/web\/index.php?rest_route=\/wp\/v2\/posts\/20822\/revisions"}],"predecessor-version":[{"id":20824,"href":"https:\/\/labitacoraradio.com.ar\/web\/index.php?rest_route=\/wp\/v2\/posts\/20822\/revisions\/20824"}],"wp:featuredmedia":[{"embeddable":true,"href":"https:\/\/labitacoraradio.com.ar\/web\/index.php?rest_route=\/wp\/v2\/media\/20823"}],"wp:attachment":[{"href":"https:\/\/labitacoraradio.com.ar\/web\/index.php?rest_route=%2Fwp%2Fv2%2Fmedia&parent=20822"}],"wp:term":[{"taxonomy":"category","embeddable":true,"href":"https:\/\/labitacoraradio.com.ar\/web\/index.php?rest_route=%2Fwp%2Fv2%2Fcategories&post=20822"},{"taxonomy":"post_tag","embeddable":true,"href":"https:\/\/labitacoraradio.com.ar\/web\/index.php?rest_route=%2Fwp%2Fv2%2Ftags&post=20822"}],"curies":[{"name":"wp","href":"https:\/\/api.w.org\/{rel}","templated":true}]}}