{"id":20849,"date":"2025-08-15T17:55:00","date_gmt":"2025-08-15T17:55:00","guid":{"rendered":"https:\/\/labitacoraradio.com.ar\/web\/?p=20849"},"modified":"2025-08-17T22:59:24","modified_gmt":"2025-08-17T22:59:24","slug":"romero-inauguro-una-nueva-edicion-de-la-feria-del-libro-parana-lee-2025","status":"publish","type":"post","link":"https:\/\/labitacoraradio.com.ar\/web\/?p=20849","title":{"rendered":"Romero inaugur\u00f3 una nueva edici\u00f3n de la Feria del Libro Paran\u00e1 Lee 2025"},"content":{"rendered":"\n<p class=\"has-medium-font-size\">El evento literario, que comenz\u00f3 con una nutrida convocatoria de p\u00fablico, se desarrolla hasta el domingo en Sala Mayo, de 10 a 20. <\/p>\n\n\n\n<p class=\"has-medium-font-size\">Rosario Romero, junto al viceintendente David C\u00e1ceres y la escritora Norma Morandini, valor\u00f3 la participaci\u00f3n de m\u00e1s de 2.000 estudiantes: \u201cEs una se\u00f1al que el libro sigue importando\u201d. Tambi\u00e9n particip\u00f3 el escritor Mariano Quir\u00f3s.<\/p>\n\n\n\n<p class=\"has-medium-font-size\">\u201cNorma Morandini hoy nos engalana en la Feria y tantos escritores y escritoras que venden sus libros y promocionan el mismo. La Feria lleva 13 ediciones en la ciudad; no es de una gesti\u00f3n, sino de todas las gestiones y es visitada por escuelas. El jueves vinieron m\u00e1s de 2.000 chicos a la ma\u00f1ana y a la tarde vinieron escuelas nocturnas; es una se\u00f1al que el libro sigue importando en la ciudad\u201d, sostuvo la Presidenta Municipal al lanzar formalmente la edici\u00f3n 13\u00b0 de la Feria del Libro Paran\u00e1 Lee.<\/p>\n\n\n\n<p class=\"has-medium-font-size\">\u201cTodo lo que hagamos para transmitir la cultura de acercarnos al libro, de difundirlo, en todas sus formas. Hay mucha gente que lee en una pantalla, pero finalmente lee. Tenemos una mirada integral de libros de todo el pa\u00eds\u201d, remarc\u00f2 luego.<\/p>\n\n\n\n<p class=\"has-medium-font-size\">El viceintendente David C\u00e1ceres, asegur\u00f3: \u201cEstamos muy contentos de presentar la Feria, con m\u00e1s de 70 editoriales y librer\u00edas. Se debe destacar que es una pol\u00edtica p\u00fablica que contiene a otros actores de la sociedad, porque tenemos a una feria de emprendedores, junto a un patio gastron\u00f3mico que acompa\u00f1a como una pol\u00edtica de invitar a que visiten Paran\u00e1 y la conozcan. Es tambi\u00e9n brindar un espect\u00e1culo cultural\u201d.<\/p>\n\n\n\n<p class=\"has-medium-font-size\">La escritora Norma Morandini, de reconocida trayectoria en el \u00e1mbito literario, expres\u00f3 su satisfacci\u00f3n por ser parte de Paran\u00e1 Lee. \u201cMe sumo a la Feria y a la Fiesta, que significa que uno que hace un trabajo solitario, pueda mostrar lo que han sido tiempos de reflexiones y compartirlo con otros. Es una emoci\u00f3n poder estar con seres humanos a quienes poder transmitir lo que pienso. Lo importante es que haya siempre lectores\u201d.<\/p>\n\n\n\n<p class=\"has-medium-font-size\">En el acto, el escritor Mariano Quir\u00f3s, comparti\u00f3 con los presentes un texto de su autor\u00eda, para dejar formalmente inaugurada la propuesta literaria.<\/p>\n\n\n\n<p class=\"has-medium-font-size\"><strong>Declaraci\u00f3n de inter\u00e9s<\/strong><\/p>\n\n\n\n<p class=\"has-medium-font-size\">La senadora provincial Claudia Silva (Frente M\u00e1s Para Entre R\u00edos) entreg\u00f3 a la intendenta Rosario Romero la resoluci\u00f3n de la C\u00e1mara de Senadores que declara de inter\u00e9s la 13\u00b0 edici\u00f3n de la Feria del Libro Paran\u00e1 Lee.<\/p>\n\n\n\n<p class=\"has-medium-font-size\">Participaron de la actividad el jefe de Gabinete, Santiago Halle; secretarios y secretarias del gabinete municipal; concejales y concejalas; funcionarios municipales; rectores, decanos y autoridades de Universidades; autoridades del Consejo General de Educaci\u00f3n (CGE); la senadora provincial Claudia Silva.<\/p>\n\n\n\n<p><em>(Fuente: Municipalidad de Paran\u00e1)<\/em><\/p>\n","protected":false},"excerpt":{"rendered":"<p>El evento literario, que comenz\u00f3 con una nutrida convocatoria de&#8230;<\/p>\n","protected":false},"author":2,"featured_media":20850,"comment_status":"closed","ping_status":"closed","sticky":false,"template":"","format":"standard","meta":{"footnotes":""},"categories":[10],"tags":[938],"class_list":["post-20849","post","type-post","status-publish","format-standard","has-post-thumbnail","hentry","category-cultura","tag-parana-lee","wpcat-10-id"],"_links":{"self":[{"href":"https:\/\/labitacoraradio.com.ar\/web\/index.php?rest_route=\/wp\/v2\/posts\/20849","targetHints":{"allow":["GET"]}}],"collection":[{"href":"https:\/\/labitacoraradio.com.ar\/web\/index.php?rest_route=\/wp\/v2\/posts"}],"about":[{"href":"https:\/\/labitacoraradio.com.ar\/web\/index.php?rest_route=\/wp\/v2\/types\/post"}],"author":[{"embeddable":true,"href":"https:\/\/labitacoraradio.com.ar\/web\/index.php?rest_route=\/wp\/v2\/users\/2"}],"replies":[{"embeddable":true,"href":"https:\/\/labitacoraradio.com.ar\/web\/index.php?rest_route=%2Fwp%2Fv2%2Fcomments&post=20849"}],"version-history":[{"count":1,"href":"https:\/\/labitacoraradio.com.ar\/web\/index.php?rest_route=\/wp\/v2\/posts\/20849\/revisions"}],"predecessor-version":[{"id":20851,"href":"https:\/\/labitacoraradio.com.ar\/web\/index.php?rest_route=\/wp\/v2\/posts\/20849\/revisions\/20851"}],"wp:featuredmedia":[{"embeddable":true,"href":"https:\/\/labitacoraradio.com.ar\/web\/index.php?rest_route=\/wp\/v2\/media\/20850"}],"wp:attachment":[{"href":"https:\/\/labitacoraradio.com.ar\/web\/index.php?rest_route=%2Fwp%2Fv2%2Fmedia&parent=20849"}],"wp:term":[{"taxonomy":"category","embeddable":true,"href":"https:\/\/labitacoraradio.com.ar\/web\/index.php?rest_route=%2Fwp%2Fv2%2Fcategories&post=20849"},{"taxonomy":"post_tag","embeddable":true,"href":"https:\/\/labitacoraradio.com.ar\/web\/index.php?rest_route=%2Fwp%2Fv2%2Ftags&post=20849"}],"curies":[{"name":"wp","href":"https:\/\/api.w.org\/{rel}","templated":true}]}}