{"id":20957,"date":"2025-09-07T11:50:55","date_gmt":"2025-09-07T11:50:55","guid":{"rendered":"https:\/\/labitacoraradio.com.ar\/web\/?p=20957"},"modified":"2025-09-08T11:53:46","modified_gmt":"2025-09-08T11:53:46","slug":"frigerio-acompano-la-clausura-de-la-15a-edicion-de-galas-del-rio-en-la-paz","status":"publish","type":"post","link":"https:\/\/labitacoraradio.com.ar\/web\/?p=20957","title":{"rendered":"Frigerio acompa\u00f1\u00f3 la clausura de la 15\u00aa edici\u00f3n de Galas del R\u00edo, en La Paz"},"content":{"rendered":"\n<p class=\"has-medium-font-size\">El gobernador Rogelio Frigerio presenci\u00f3 este domingo la jornada final del festival que incluy\u00f3 una programaci\u00f3n art\u00edstica de niveles nacional e internacional, declarada De Inter\u00e9s Educativo Provincial. El concierto de cierre tuvo lugar en el templo parroquial Nuestra Se\u00f1ora de La Paz.<\/p>\n\n\n\n<p class=\"has-medium-font-size\">El festival, que se inici\u00f3 el viernes 29 de agosto, convirti\u00f3 a la ciudad en un gran escenario con conciertos, exposiciones y talleres que convocaron a artistas de distintas disciplinas y a un p\u00fablico diverso. La iniciativa, organizada por la Fundaci\u00f3n Arte en La Paz, con el acompa\u00f1amiento de la Municipalidad y el apoyo del Gobierno de Entre R\u00edos, combin\u00f3 m\u00fasica cl\u00e1sica, jazz, artes pl\u00e1sticas y actividades educativas, con participaci\u00f3n de estudiantes y docentes.<\/p>\n\n\n\n<p class=\"has-medium-font-size\">El concierto de Clausura tuvo como protagonistas a la Orquesta de C\u00e1mara de la Facultad de Humanidades, Artes y Ciencias Sociales (Fhaycs) de la Universidad Aut\u00f3noma de Entre R\u00edos (Uader) y al grupo Coral Remanso.<\/p>\n\n\n\n<p class=\"has-medium-font-size\">El presidente de la Fundaci\u00f3n Arte en La Paz, Eduardo Varese, agradeci\u00f3 al gobernador, de quien dijo: \u00abDemuestra su apoyo, no solo a trav\u00e9s de su gestiones, sino tambi\u00e9n con su visita. En estas 15 ediciones, es la primera vez que un gobernador nos acompa\u00f1a y nos llena de alegr\u00eda que pueda conocer de primera mano nuestro festival. Galas del R\u00edo ha crecido hasta convertirse en uno de los espacios m\u00e1s esperados por la comunidad art\u00edstica de nuestro pa\u00eds. Quedamos con la mirada puesta en el futuro y con el firme compromiso de seguir construyendo un puente hacia m\u00e1s cultura, m\u00e1s inclusi\u00f3n, m\u00e1s belleza\u00bb.<\/p>\n\n\n\n<p class=\"has-medium-font-size\">Tambi\u00e9n reconoci\u00f3 especialmente al director art\u00edstico Ezequiel Spucches \u00abpor su sensibilidad, liderazgo y visi\u00f3n, que ha dado forma a una programaci\u00f3n diversa, profunda y de alt\u00edsimo nivel\u00bb, a la directora de Artes Visuales, Kiki Lawrie; \u00abpor su creatividad y por habernos ofrecido un universo visual que dio identidad y color a cada rinc\u00f3n de nuestra ciudad\u00bb; a los artistas por \u00abregalar su talento y dar lo mejor, para dejar una huella imborrable\u00bb; y a los colaboradores y patrocinantes, a quienes calific\u00f3 de \u00abh\u00e9roes del festival\u00bb.<\/p>\n\n\n\n<p class=\"has-medium-font-size\">En cuanto a Spucches, agreg\u00f3: que\u00bbes un placer para nosotros cerrar esta decimoquinta edici\u00f3n, que ha sido muy especial, con muchos sue\u00f1os cumplidos, que tuvo la actuaci\u00f3n de artistas de relieve, incluso llegados desde lejos, como la Camerata Bariloche, y que los conciertos escolares estuvieron repletos y convocaron a casi 5.000 chicos\u00bb.<\/p>\n\n\n\n<p class=\"has-medium-font-size\">Al agradecer la visita de los artistas y amistades, el pianista de trayectoria en el alto nivel internacional -residente en Par\u00eds desde hace casi 30 a\u00f1os- dijo que guarda \u00abmuchas emociones de estos 10 d\u00edas de festival, es un placer recibirlos y los invitamos a seguir acompa\u00f1ando Galas del R\u00edo. Desde ma\u00f1ana empezamos a trabajar por la decimosexta edici\u00f3n\u00bb.<\/p>\n\n\n\n<p><em>(Fuente: Gobierno de Entre R\u00edos)<\/em><\/p>\n","protected":false},"excerpt":{"rendered":"<p>El gobernador Rogelio Frigerio presenci\u00f3 este domingo la jornada final&#8230;<\/p>\n","protected":false},"author":2,"featured_media":20958,"comment_status":"closed","ping_status":"closed","sticky":false,"template":"","format":"standard","meta":{"footnotes":""},"categories":[2336,10],"tags":[3553,315],"class_list":["post-20957","post","type-post","status-publish","format-standard","has-post-thumbnail","hentry","category-barralateral","category-cultura","tag-galas-del-rio","tag-rogelio-frigerio","wpcat-2336-id","wpcat-10-id"],"_links":{"self":[{"href":"https:\/\/labitacoraradio.com.ar\/web\/index.php?rest_route=\/wp\/v2\/posts\/20957","targetHints":{"allow":["GET"]}}],"collection":[{"href":"https:\/\/labitacoraradio.com.ar\/web\/index.php?rest_route=\/wp\/v2\/posts"}],"about":[{"href":"https:\/\/labitacoraradio.com.ar\/web\/index.php?rest_route=\/wp\/v2\/types\/post"}],"author":[{"embeddable":true,"href":"https:\/\/labitacoraradio.com.ar\/web\/index.php?rest_route=\/wp\/v2\/users\/2"}],"replies":[{"embeddable":true,"href":"https:\/\/labitacoraradio.com.ar\/web\/index.php?rest_route=%2Fwp%2Fv2%2Fcomments&post=20957"}],"version-history":[{"count":1,"href":"https:\/\/labitacoraradio.com.ar\/web\/index.php?rest_route=\/wp\/v2\/posts\/20957\/revisions"}],"predecessor-version":[{"id":20959,"href":"https:\/\/labitacoraradio.com.ar\/web\/index.php?rest_route=\/wp\/v2\/posts\/20957\/revisions\/20959"}],"wp:featuredmedia":[{"embeddable":true,"href":"https:\/\/labitacoraradio.com.ar\/web\/index.php?rest_route=\/wp\/v2\/media\/20958"}],"wp:attachment":[{"href":"https:\/\/labitacoraradio.com.ar\/web\/index.php?rest_route=%2Fwp%2Fv2%2Fmedia&parent=20957"}],"wp:term":[{"taxonomy":"category","embeddable":true,"href":"https:\/\/labitacoraradio.com.ar\/web\/index.php?rest_route=%2Fwp%2Fv2%2Fcategories&post=20957"},{"taxonomy":"post_tag","embeddable":true,"href":"https:\/\/labitacoraradio.com.ar\/web\/index.php?rest_route=%2Fwp%2Fv2%2Ftags&post=20957"}],"curies":[{"name":"wp","href":"https:\/\/api.w.org\/{rel}","templated":true}]}}