{"id":20983,"date":"2025-09-11T21:23:16","date_gmt":"2025-09-11T21:23:16","guid":{"rendered":"https:\/\/labitacoraradio.com.ar\/web\/?p=20983"},"modified":"2025-09-14T21:30:00","modified_gmt":"2025-09-14T21:30:00","slug":"el-seven-de-la-republica-2025-mantiene-su-plaza-en-parana","status":"publish","type":"post","link":"https:\/\/labitacoraradio.com.ar\/web\/?p=20983","title":{"rendered":"El Seven de la Rep\u00fablica 2025 mantiene su plaza en Paran\u00e1"},"content":{"rendered":"\n<p class=\"has-medium-font-size\">Ser\u00e1 el 29 y 30 de noviembre de 2025. Contar\u00e1 con el apoyo de la Municipalidad de Paran\u00e1 y el gobierno provincial. Se espera la participaci\u00f3n de 25 seleccionados masculinos y 27 femeninos de todo el pa\u00eds y combinados invitados de Uruguay, Paraguay y Chile.<\/p>\n\n\n\n<p class=\"has-medium-font-size\">La Uni\u00f3n Entrerriana de Rugby (UER), junto con la Municipalidad y el gobierno provincial, confirmaron que el torneo se concretar\u00e1 en Paran\u00e1, continuando con la tradici\u00f3n iniciada en 1988.<\/p>\n\n\n\n<p class=\"has-medium-font-size\">La intendenta de la ciudad, Rosario Romero, subray\u00f3 la importancia de este evento para la capital provincial: \u201cSiempre hemos sentido que el Seven era nuestro. Paran\u00e1 volvi\u00f3 a ser elegida gracias a los esfuerzos que hemos hecho entre todos, en conjunto con las entidades vinculadas al rugby, el gobierno provincial, hoteleros, gastron\u00f3micos y el Ente Tur\u00edstico de Paran\u00e1 (EMPATUR)\u201d.<\/p>\n\n\n\n<p class=\"has-medium-font-size\">El secretario General de la Gobernaci\u00f3n de Entre R\u00edos, Mauricio Colello, coment\u00f3 sobre la importancia del evento: \u201cEs un ejemplo de que cuando el municipio, la provincia y el sector privado trabajan juntos, se logran cosas importantes. Estoy agradecido de que la Uni\u00f3n Argentina de Rugby haya vuelto a elegir a Paran\u00e1 como capital del rugby. Esto promueve el deporte y el turismo que necesita la provincia y particularmente Paran\u00e1\u201d.<\/p>\n\n\n\n<p class=\"has-medium-font-size\">El presidente de la UER, Mart\u00edn Cipriani, expres\u00f3 su satisfacci\u00f3n por la realizaci\u00f3n del evento: \u201cEs muy importante haber logrado que la UAR nos confirmara el Seven en Paran\u00e1. Trabajamos con la Municipalidad, el Gobierno Provincial y la c\u00e1mara hotelera, hicimos un esfuerzo y presentamos nuestra propuesta a la Uni\u00f3n Argentina\u201d.<\/p>\n\n\n\n<p class=\"has-medium-font-size\">Este torneo, considerado uno de los m\u00e1s relevantes de Argentina en la modalidad de rugby seven, volver\u00e1 a reunir a los mejores equipos de todo el pa\u00eds, junto con selecciones internacionales de Sudam\u00e9rica, para disputar un evento que no solo destaca por su nivel deportivo, sino tambi\u00e9n por su tradici\u00f3n y esp\u00edritu de camarader\u00eda.<\/p>\n\n\n\n<p class=\"has-medium-font-size\">\u201cLa ciudad abraza el deporte. Estaremos a disposici\u00f3n para recibir a quienes quieren venir a nuestra ciudad, fomentando tanto el turismo como el deporte\u201d, dijo m\u00e1s adelante la intendenta Rosario Romero.<\/p>\n\n\n\n<p class=\"has-medium-font-size\">Colello, para finalizar, destac\u00f3 que el torneo \u201cimplica que cerca de 800 deportistas vengan a visitar a Paran\u00e1. Vamos a tratar de recibirlos de la mejor forma y ojal\u00e1 que, una vez que se vayan, elijan volver\u201d.<\/p>\n\n\n\n<p class=\"has-medium-font-size\">Participaron del anuncio el Jefe de Gabinete, Santiago Halle; el secretario de Servicios P\u00fablicos, Juli\u00e1n Hirschfeld, y el subsecretario de Turismo y presidente del Ente Mixto de Turismo, Agust\u00edn Clavenzani.<\/p>\n\n\n\n<p><em>(Fuente: Municipalidad de Paran\u00e1)<\/em><\/p>\n","protected":false},"excerpt":{"rendered":"<p>Ser\u00e1 el 29 y 30 de noviembre de 2025. Contar\u00e1&#8230;<\/p>\n","protected":false},"author":2,"featured_media":20984,"comment_status":"closed","ping_status":"closed","sticky":false,"template":"","format":"standard","meta":{"footnotes":""},"categories":[2336,9],"tags":[1089],"class_list":["post-20983","post","type-post","status-publish","format-standard","has-post-thumbnail","hentry","category-barralateral","category-deportes","tag-seven-de-rugby","wpcat-2336-id","wpcat-9-id"],"_links":{"self":[{"href":"https:\/\/labitacoraradio.com.ar\/web\/index.php?rest_route=\/wp\/v2\/posts\/20983","targetHints":{"allow":["GET"]}}],"collection":[{"href":"https:\/\/labitacoraradio.com.ar\/web\/index.php?rest_route=\/wp\/v2\/posts"}],"about":[{"href":"https:\/\/labitacoraradio.com.ar\/web\/index.php?rest_route=\/wp\/v2\/types\/post"}],"author":[{"embeddable":true,"href":"https:\/\/labitacoraradio.com.ar\/web\/index.php?rest_route=\/wp\/v2\/users\/2"}],"replies":[{"embeddable":true,"href":"https:\/\/labitacoraradio.com.ar\/web\/index.php?rest_route=%2Fwp%2Fv2%2Fcomments&post=20983"}],"version-history":[{"count":1,"href":"https:\/\/labitacoraradio.com.ar\/web\/index.php?rest_route=\/wp\/v2\/posts\/20983\/revisions"}],"predecessor-version":[{"id":20985,"href":"https:\/\/labitacoraradio.com.ar\/web\/index.php?rest_route=\/wp\/v2\/posts\/20983\/revisions\/20985"}],"wp:featuredmedia":[{"embeddable":true,"href":"https:\/\/labitacoraradio.com.ar\/web\/index.php?rest_route=\/wp\/v2\/media\/20984"}],"wp:attachment":[{"href":"https:\/\/labitacoraradio.com.ar\/web\/index.php?rest_route=%2Fwp%2Fv2%2Fmedia&parent=20983"}],"wp:term":[{"taxonomy":"category","embeddable":true,"href":"https:\/\/labitacoraradio.com.ar\/web\/index.php?rest_route=%2Fwp%2Fv2%2Fcategories&post=20983"},{"taxonomy":"post_tag","embeddable":true,"href":"https:\/\/labitacoraradio.com.ar\/web\/index.php?rest_route=%2Fwp%2Fv2%2Ftags&post=20983"}],"curies":[{"name":"wp","href":"https:\/\/api.w.org\/{rel}","templated":true}]}}