{"id":20989,"date":"2025-09-11T09:39:00","date_gmt":"2025-09-11T09:39:00","guid":{"rendered":"https:\/\/labitacoraradio.com.ar\/web\/?p=20989"},"modified":"2025-09-14T21:42:33","modified_gmt":"2025-09-14T21:42:33","slug":"construir-valores-el-club-san-martin-de-gazzano-implementa-talleres-en-varias-disciplinas","status":"publish","type":"post","link":"https:\/\/labitacoraradio.com.ar\/web\/?p=20989","title":{"rendered":"Construir Valores: el club San Mart\u00edn de Gazzano implementa talleres en varias disciplinas"},"content":{"rendered":"\n<p class=\"has-medium-font-size\">El proyecto contempla a los adolescentes que practican b\u00e1squet, v\u00f3ley y pat\u00edn, en el marco del programa Construir Valores. Es parte de un abordaje integral para brindar acompa\u00f1amiento y contenci\u00f3n ante las exigencias y presiones de la competencia.<\/p>\n\n\n\n<p class=\"has-medium-font-size\">El Club Atl\u00e9tico Libertador San Mart\u00edn de Gazzano, elev\u00f3 un proyecto a la Municipalidad para abordar una problem\u00e1tica cada vez m\u00e1s recurrente: las frustraciones de los j\u00f3venes deportistas respecto de las expectativas de su entorno social en relaci\u00f3n con su desempe\u00f1o deportivo.<\/p>\n\n\n\n<p class=\"has-medium-font-size\">La iniciativa se inscribe dentro del programa Construir Valores, una pol\u00edtica p\u00fablica que apunta a fortalecer y promover los valores esenciales en la comunidad a trav\u00e9s del deporte, la cultura y la participaci\u00f3n activa de los clubes.<\/p>\n\n\n\n<p class=\"has-medium-font-size\">Una vez aprobada la propuesta, el Club San Mart\u00edn de Gazzano convoc\u00f3 a un equipo de psic\u00f3logos, quienes en conjunto con los profesores de las disciplinas b\u00e1squet, v\u00f3ley y pat\u00edn, trabajaron a partir de dos ejes: la vida social en el club y las cuestiones emocionales y psicol\u00f3gicas.<\/p>\n\n\n\n<p class=\"has-medium-font-size\">\u201cEl programa Construir Valores llega a partir de una problem\u00e1tica que venimos viendo con los compa\u00f1eros de comisi\u00f3n directiva y que es la cuesti\u00f3n de la frustraci\u00f3n de los chicos. Por eso elevamos el proyecto a la Municipalidad, que fue visto de buena manera y se pudo llevar a cabo\u201d, se\u00f1al\u00f3 el presidente de la entidad, Alejandro Demart\u00edn.<\/p>\n\n\n\n<p class=\"has-medium-font-size\">Franco Vago, psic\u00f3logo, a cargo de los talleres, se refiri\u00f3 a la modalidad de trabajo en esta primera etapa. \u201cLos talleres tienen un abordaje con los profesores del club y despu\u00e9s con cada una de las disciplinas: b\u00e1squet, v\u00f3ley y pat\u00edn. Tiene dos ejes, primero la vida en el club y despu\u00e9s las cuestiones emocionales y psicol\u00f3gicas\u201d.<\/p>\n\n\n\n<p class=\"has-medium-font-size\">Luego agreg\u00f3: \u201cLa vida en el club, lo que tiene de particular, en tanto los chicos quieran ir a hacer deportes, es reunirse con amigos y encontrar otra forma de manifestar algo de lo que les est\u00e1 pasando; es que es un lugar donde pueden sentirse contenidos y cuidados. Son lugares donde uno puede construir amparo\u201d.<\/p>\n\n\n\n<p class=\"has-medium-font-size\">Joaqu\u00edn Rochi, profesor de b\u00e1squet de las categor\u00edas formativas, sostuvo que \u201cfue muy lindo, not\u00e9 un cambio tremendo con los chicos. Se trabaj\u00f3 el tema delas frustraciones y el enojo\u201d.<\/p>\n\n\n\n<p class=\"has-medium-font-size\">Se trabaj\u00f3 en potenciar el lugar del club en la vida social y entender el potencial de construcci\u00f3n simb\u00f3lica que hay adentro.<\/p>\n\n\n\n<p class=\"has-medium-font-size\"><strong>Cl\u00ednicas<\/strong><br>Se realizaron dos encuentros con los profesores, con los jugadores de b\u00e1squet y el equipo femenino de v\u00f3ley. Como parte del proyecto, los responsables de la propuesta deben concretar una cl\u00ednica con el equipo de pat\u00edn art\u00edstico.<\/p>\n\n\n\n<p class=\"has-medium-font-size\"><strong>Sobre el programa<br><\/strong>Construir Valores es una iniciativa municipal que tiene como objetivo ampliar la red de resguardo y recreaci\u00f3n para infancias, adolescencias, juventudes y personas mayores a trav\u00e9s del apoyo econ\u00f3mico a clubes y organizaciones en distintos barrios de la ciudad.<\/p>\n\n\n\n<p><em>(Fuente: Municipalidad de Paran\u00e1)<\/em><\/p>\n","protected":false},"excerpt":{"rendered":"<p>El proyecto contempla a los adolescentes que practican b\u00e1squet, v\u00f3ley&#8230;<\/p>\n","protected":false},"author":2,"featured_media":20990,"comment_status":"closed","ping_status":"closed","sticky":false,"template":"","format":"standard","meta":{"footnotes":""},"categories":[2336,9],"tags":[3429],"class_list":["post-20989","post","type-post","status-publish","format-standard","has-post-thumbnail","hentry","category-barralateral","category-deportes","tag-construir-valores","wpcat-2336-id","wpcat-9-id"],"_links":{"self":[{"href":"https:\/\/labitacoraradio.com.ar\/web\/index.php?rest_route=\/wp\/v2\/posts\/20989","targetHints":{"allow":["GET"]}}],"collection":[{"href":"https:\/\/labitacoraradio.com.ar\/web\/index.php?rest_route=\/wp\/v2\/posts"}],"about":[{"href":"https:\/\/labitacoraradio.com.ar\/web\/index.php?rest_route=\/wp\/v2\/types\/post"}],"author":[{"embeddable":true,"href":"https:\/\/labitacoraradio.com.ar\/web\/index.php?rest_route=\/wp\/v2\/users\/2"}],"replies":[{"embeddable":true,"href":"https:\/\/labitacoraradio.com.ar\/web\/index.php?rest_route=%2Fwp%2Fv2%2Fcomments&post=20989"}],"version-history":[{"count":1,"href":"https:\/\/labitacoraradio.com.ar\/web\/index.php?rest_route=\/wp\/v2\/posts\/20989\/revisions"}],"predecessor-version":[{"id":20991,"href":"https:\/\/labitacoraradio.com.ar\/web\/index.php?rest_route=\/wp\/v2\/posts\/20989\/revisions\/20991"}],"wp:featuredmedia":[{"embeddable":true,"href":"https:\/\/labitacoraradio.com.ar\/web\/index.php?rest_route=\/wp\/v2\/media\/20990"}],"wp:attachment":[{"href":"https:\/\/labitacoraradio.com.ar\/web\/index.php?rest_route=%2Fwp%2Fv2%2Fmedia&parent=20989"}],"wp:term":[{"taxonomy":"category","embeddable":true,"href":"https:\/\/labitacoraradio.com.ar\/web\/index.php?rest_route=%2Fwp%2Fv2%2Fcategories&post=20989"},{"taxonomy":"post_tag","embeddable":true,"href":"https:\/\/labitacoraradio.com.ar\/web\/index.php?rest_route=%2Fwp%2Fv2%2Ftags&post=20989"}],"curies":[{"name":"wp","href":"https:\/\/api.w.org\/{rel}","templated":true}]}}