{"id":21029,"date":"2025-09-22T12:13:28","date_gmt":"2025-09-22T12:13:28","guid":{"rendered":"https:\/\/labitacoraradio.com.ar\/web\/?p=21029"},"modified":"2025-09-23T12:17:43","modified_gmt":"2025-09-23T12:17:43","slug":"ampliaran-una-alcantararilla-sobre-calle-ambrosetti","status":"publish","type":"post","link":"https:\/\/labitacoraradio.com.ar\/web\/?p=21029","title":{"rendered":"Ampliar\u00e1n una alcantararilla sobre calle Ambrosetti"},"content":{"rendered":"\n<p class=\"has-medium-font-size\"><br>Es en el marco de sistematizaci\u00f3n del arroyo Las Viejas. Habr\u00e1 interrupci\u00f3n de tr\u00e1nsito en una zona por 45 d\u00edas.<\/p>\n\n\n\n<p class=\"has-medium-font-size\">El proyecto de sistematizaci\u00f3n, saneamiento y vinculaci\u00f3n urbana del curso de agua contin\u00faa a buen ritmo y llega a una nueva etapa. En esta instancia se trabajar\u00e1 sobre calle Ambrosetti, interviniendo la alcantarilla de dicho sector. Estas tareas tienen objetivos hidr\u00e1ulicos y la preparaci\u00f3n de un nuevo espacio p\u00fablico de circulaci\u00f3n.<\/p>\n\n\n\n<p class=\"has-medium-font-size\">\u201cEs la \u00faltima etapa del saneamiento del Arroyo Las Viejas, vinculado a la ampliaci\u00f3n de la captaci\u00f3n del lado sur de la obra, donde vamos a ejecutar una ampliaci\u00f3n de la alcantarilla que pasa por debajo de la traza\u201d, explic\u00f3 el secretario de Planificaci\u00f3n e Infraestructura, Eduardo Lor\u00e9fice.<\/p>\n\n\n\n<p class=\"has-medium-font-size\">Con la intervenci\u00f3n, se lograr\u00e1 aumentar la capacidad de conducci\u00f3n en el cauce del arroyo con un conducto de aproximadamente 12 metros cuadrados que se incorpora a los dos existentes. Al mismo tiempo, se restituye el sistema de captaci\u00f3n superficial del agua que circula por la calzada, con cuatro c\u00e1maras de captaci\u00f3n.<\/p>\n\n\n\n<p class=\"has-medium-font-size\">Adem\u00e1s, el funcionario agreg\u00f3 que \u201cel saneamiento del Arroyo Las Viejas es fundamental para poder contar con la playa del Thompson en condiciones para este verano. Se han tomado muestras de agua a lo largo del proceso de obra y hemos notado una impresionante mejor\u00eda en ese sentido. Hoy se encuentran niveles aceptables como para poder habilitar la playa, con lo cual estamos muy satisfechos\u201d.<\/p>\n\n\n\n<p class=\"has-medium-font-size\">Una vez finalizados estos trabajos, se realizar\u00e1 el ingreso al nuevo paseo, que se convertir\u00e1 en un nuevo punto de circulaci\u00f3n y dispersi\u00f3n para vecinos y turistas.<\/p>\n\n\n\n<p class=\"has-medium-font-size\">Para llevar adelante estos trabajos, ser\u00e1 necesario realizar un corte total de tr\u00e1nsito en calle Ambrosetti, entre 3 de Febrero y Solanas, que se extender\u00e1 aproximadamente por 40 d\u00edas.<\/p>\n\n\n\n<p class=\"has-medium-font-size\">Por tal motivo, se modifica temporalmente el recorrido de la L\u00ednea 1 de colectivo que transita por ese sector, quedando de esta manera:<\/p>\n\n\n\n<p class=\"has-medium-font-size\">Ida: habitual, Francisco Soler, Av. Gdor. Ra\u00fal Uranga, rotonda, Ambrosetti, habitual.<\/p>\n\n\n\n<p class=\"has-medium-font-size\">Vuelta: habitual, Blas Parera, Av. Circunvalaci\u00f3n Jos\u00e9 Hern\u00e1ndez, Av. Gdor. Ra\u00fal Uranga, Francisco Soler, habitual.<\/p>\n\n\n\n<p><em>(Fuente: Municipalidad de Paran\u00e1)<\/em><\/p>\n","protected":false},"excerpt":{"rendered":"<p>Es en el marco de sistematizaci\u00f3n del arroyo Las Viejas&#8230;.<\/p>\n","protected":false},"author":2,"featured_media":21030,"comment_status":"closed","ping_status":"closed","sticky":false,"template":"","format":"standard","meta":{"footnotes":""},"categories":[3,31],"tags":[1776,1775],"class_list":["post-21029","post","type-post","status-publish","format-standard","has-post-thumbnail","hentry","category-municipales","category-obras-publicas","tag-ao-las-viejas","tag-sistematizacion","wpcat-3-id","wpcat-31-id"],"_links":{"self":[{"href":"https:\/\/labitacoraradio.com.ar\/web\/index.php?rest_route=\/wp\/v2\/posts\/21029","targetHints":{"allow":["GET"]}}],"collection":[{"href":"https:\/\/labitacoraradio.com.ar\/web\/index.php?rest_route=\/wp\/v2\/posts"}],"about":[{"href":"https:\/\/labitacoraradio.com.ar\/web\/index.php?rest_route=\/wp\/v2\/types\/post"}],"author":[{"embeddable":true,"href":"https:\/\/labitacoraradio.com.ar\/web\/index.php?rest_route=\/wp\/v2\/users\/2"}],"replies":[{"embeddable":true,"href":"https:\/\/labitacoraradio.com.ar\/web\/index.php?rest_route=%2Fwp%2Fv2%2Fcomments&post=21029"}],"version-history":[{"count":1,"href":"https:\/\/labitacoraradio.com.ar\/web\/index.php?rest_route=\/wp\/v2\/posts\/21029\/revisions"}],"predecessor-version":[{"id":21031,"href":"https:\/\/labitacoraradio.com.ar\/web\/index.php?rest_route=\/wp\/v2\/posts\/21029\/revisions\/21031"}],"wp:featuredmedia":[{"embeddable":true,"href":"https:\/\/labitacoraradio.com.ar\/web\/index.php?rest_route=\/wp\/v2\/media\/21030"}],"wp:attachment":[{"href":"https:\/\/labitacoraradio.com.ar\/web\/index.php?rest_route=%2Fwp%2Fv2%2Fmedia&parent=21029"}],"wp:term":[{"taxonomy":"category","embeddable":true,"href":"https:\/\/labitacoraradio.com.ar\/web\/index.php?rest_route=%2Fwp%2Fv2%2Fcategories&post=21029"},{"taxonomy":"post_tag","embeddable":true,"href":"https:\/\/labitacoraradio.com.ar\/web\/index.php?rest_route=%2Fwp%2Fv2%2Ftags&post=21029"}],"curies":[{"name":"wp","href":"https:\/\/api.w.org\/{rel}","templated":true}]}}