{"id":21044,"date":"2025-09-22T12:39:02","date_gmt":"2025-09-22T12:39:02","guid":{"rendered":"https:\/\/labitacoraradio.com.ar\/web\/?p=21044"},"modified":"2025-09-23T12:40:42","modified_gmt":"2025-09-23T12:40:42","slug":"municipios-entrerrianos-se-suman-al-boleto-estudiantil-para-primaria-y-secundaria","status":"publish","type":"post","link":"https:\/\/labitacoraradio.com.ar\/web\/?p=21044","title":{"rendered":"Municipios entrerrianos se suman al boleto estudiantil para primaria y secundaria"},"content":{"rendered":"\n<p class=\"has-medium-font-size\">El gobernador Rogelio Frigerio firm\u00f3 este lunes convenios con municipios de la provincia que cuentan con transporte urbano de pasajeros. La r\u00fabrica se dio en el marco de adhesi\u00f3n al Sistema de Beneficios de Descuentos y Gratuidades Estudiantiles, que garantiza el acceso al boleto para alumnos de escuelas primarias y secundarias.<\/p>\n\n\n\n<p class=\"has-medium-font-size\">Municipios entrerrianos se suman al boleto estudiantil para primaria y secundaria<br>De esta manera, el gobierno provincial y los gobiernos locales trabajan en conjunto para facilitar la llegada de los estudiantes a la escuela, acompa\u00f1ando con pol\u00edticas p\u00fablicas concretas a las familias entrerrianas y promoviendo la igualdad de oportunidades en la educaci\u00f3n.<\/p>\n\n\n\n<p class=\"has-medium-font-size\">En ese sentido, el secretario de Transporte de la provincia, Juan Diego Elsesser, explic\u00f3 que el convenio establece que \u00abel 50 por ciento lo asumir\u00e1 el municipio local y el otro 50 por ciento la provincia. En cuanto a los estudiantes universitarios y terciarios, la provincia les otorgar\u00e1 un beneficio del 70 por ciento del valor del boleto, por lo que s\u00f3lo pagar\u00e1n el 30 por ciento. Adem\u00e1s, sigue vigente, a trav\u00e9s de la paritaria, el descuento del 50 por ciento para los docentes\u00bb.<\/p>\n\n\n\n<p class=\"has-medium-font-size\">Por su parte, la presidenta del Consejo General de Educaci\u00f3n, Alicia Fregonese, destac\u00f3 que \u00abesta firma es una contribuci\u00f3n m\u00e1s y muy importante a la mejora del sistema educativo y de los aprendizajes de nuestros estudiantes\u00bb. \u00abHabla de la importancia que le da el gobernador a la educaci\u00f3n como uno de sus ejes prioritarios\u00bb, resalt\u00f3.<\/p>\n\n\n\n<p class=\"has-medium-font-size\">Mientras que el intendente de La Paz, Walter Martin, enfatiz\u00f3 en que la firma del convenio materializa que el transporte p\u00fablico sea gratuito para estudiantes de nivel inicial, primario, secundario, permitiendo que las empresas comiencen a brindar el servicio de inmediato. Remarc\u00f3, adem\u00e1s, que para su ciudad este acuerdo es \u00abmuy importante\u00bb y representa un trabajo en conjunto. Hizo hincapi\u00e9 en que este logro fue posible gracias a que el gobernador Rogelio Frigerio que \u00abse puso al hombro\u00bb una parte del subsidio que se hab\u00eda ca\u00eddo por parte de la Naci\u00f3n. \u00abSe concret\u00f3 a trav\u00e9s de un trabajo codo a codo entre la Secretar\u00eda de Transporte, el gobernador, las empresas privadas y las municipalidades\u00bb, subray\u00f3.<\/p>\n\n\n\n<p class=\"has-medium-font-size\">Finalmente, la representante de Gualeguaych\u00fa, Beatriz L\u00f3pez, encargada de transporte p\u00fablico, indic\u00f3 que, aunque su ciudad ya contaba con el boleto estudiantil gratuito, \u00abel convenio fue fundamental para contar con el subsidio provincial\u00bb. Se\u00f1al\u00f3 que este aporte \u00abresulta esencial para las empresas de transporte, debido al cese de los subsidios nacionales\u00bb.<\/p>\n\n\n\n<p><em>(Fuente: Gobierno de Entre R\u00edos)<\/em><\/p>\n","protected":false},"excerpt":{"rendered":"<p>El gobernador Rogelio Frigerio firm\u00f3 este lunes convenios con municipios&#8230;<\/p>\n","protected":false},"author":2,"featured_media":21045,"comment_status":"closed","ping_status":"closed","sticky":false,"template":"","format":"standard","meta":{"footnotes":""},"categories":[4],"tags":[2431],"class_list":["post-21044","post","type-post","status-publish","format-standard","has-post-thumbnail","hentry","category-provinciales","tag-boleto-estudiantil","wpcat-4-id"],"_links":{"self":[{"href":"https:\/\/labitacoraradio.com.ar\/web\/index.php?rest_route=\/wp\/v2\/posts\/21044","targetHints":{"allow":["GET"]}}],"collection":[{"href":"https:\/\/labitacoraradio.com.ar\/web\/index.php?rest_route=\/wp\/v2\/posts"}],"about":[{"href":"https:\/\/labitacoraradio.com.ar\/web\/index.php?rest_route=\/wp\/v2\/types\/post"}],"author":[{"embeddable":true,"href":"https:\/\/labitacoraradio.com.ar\/web\/index.php?rest_route=\/wp\/v2\/users\/2"}],"replies":[{"embeddable":true,"href":"https:\/\/labitacoraradio.com.ar\/web\/index.php?rest_route=%2Fwp%2Fv2%2Fcomments&post=21044"}],"version-history":[{"count":1,"href":"https:\/\/labitacoraradio.com.ar\/web\/index.php?rest_route=\/wp\/v2\/posts\/21044\/revisions"}],"predecessor-version":[{"id":21046,"href":"https:\/\/labitacoraradio.com.ar\/web\/index.php?rest_route=\/wp\/v2\/posts\/21044\/revisions\/21046"}],"wp:featuredmedia":[{"embeddable":true,"href":"https:\/\/labitacoraradio.com.ar\/web\/index.php?rest_route=\/wp\/v2\/media\/21045"}],"wp:attachment":[{"href":"https:\/\/labitacoraradio.com.ar\/web\/index.php?rest_route=%2Fwp%2Fv2%2Fmedia&parent=21044"}],"wp:term":[{"taxonomy":"category","embeddable":true,"href":"https:\/\/labitacoraradio.com.ar\/web\/index.php?rest_route=%2Fwp%2Fv2%2Fcategories&post=21044"},{"taxonomy":"post_tag","embeddable":true,"href":"https:\/\/labitacoraradio.com.ar\/web\/index.php?rest_route=%2Fwp%2Fv2%2Ftags&post=21044"}],"curies":[{"name":"wp","href":"https:\/\/api.w.org\/{rel}","templated":true}]}}