{"id":21080,"date":"2025-09-27T00:46:17","date_gmt":"2025-09-27T00:46:17","guid":{"rendered":"https:\/\/labitacoraradio.com.ar\/web\/?p=21080"},"modified":"2025-09-29T00:48:04","modified_gmt":"2025-09-29T00:48:04","slug":"extienden-hasta-el-31-de-octubre-la-vacunacion-contra-el-virus-sincicial-respiratorio","status":"publish","type":"post","link":"https:\/\/labitacoraradio.com.ar\/web\/?p=21080","title":{"rendered":"Extienden hasta el 31 de octubre la vacunaci\u00f3n contra el Virus Sincicial Respiratorio"},"content":{"rendered":"\n<p class=\"has-medium-font-size\">El Ministerio de Salud de Entre R\u00edos resolvi\u00f3 extender la campa\u00f1a de vacunaci\u00f3n contra el Virus Sincicial Respiratorio (VSR) hasta el 31 de octubre en todo el territorio provincial. <\/p>\n\n\n\n<p class=\"has-medium-font-size\">La inmunizaci\u00f3n est\u00e1 destinada a embarazadas entre las 32 y 36 semanas de gestaci\u00f3n. El objetivo es reforzar la protecci\u00f3n de los reci\u00e9n nacidos frente a las Infecciones Respiratorias Agudas Bajas (IRAB), que constituyen la principal causa de internaci\u00f3n en lactantes a nivel global.<\/p>\n\n\n\n<p class=\"has-medium-font-size\">Extienden hasta el 31 de octubre la vacunaci\u00f3n contra el Virus Sincicial Respiratorio<br>La vacunaci\u00f3n en embarazadas es clave porque los anticuerpos generados se transmiten al beb\u00e9 a trav\u00e9s de la placenta y luego mediante la lactancia. Esto le brinda protecci\u00f3n durante los primeros seis meses de vida, que es la etapa de mayor vulnerabilidad frente a complicaciones.<\/p>\n\n\n\n<p class=\"has-medium-font-size\">Con esta ampliaci\u00f3n, la cartera sanitaria busca garantizar el acceso equitativo a la inmunizaci\u00f3n, reducir hospitalizaciones y cuadros graves asociados al VSR, y disminuir el impacto de la enfermedad sobre el sistema de salud.<\/p>\n\n\n\n<p class=\"has-medium-font-size\">El VSR provoca cada a\u00f1o alrededor de 30 millones de episodios de Infecciones Respiratorias Agudas Bajas (IRAB) y m\u00e1s de 50.000 muertes en ni\u00f1os menores de cinco a\u00f1os a nivel mundial.<\/p>\n\n\n\n<p class=\"has-medium-font-size\">La vacuna bivalente RS-VpreF se incorpor\u00f3 al Calendario Nacional de Vacunaci\u00f3n en 2023 de forma gratuita y obligatoria.<\/p>\n\n\n\n<p class=\"has-medium-font-size\">Se aplica en una dosis \u00fanica durante el embarazo, entre las semanas 32 y 36, coincidiendo con la temporada de circulaci\u00f3n viral determinada por vigilancia epidemiol\u00f3gica.<\/p>\n\n\n\n<p><em>(Fuente: Gobierno de Entre R\u00edos)<\/em><\/p>\n","protected":false},"excerpt":{"rendered":"<p>El Ministerio de Salud de Entre R\u00edos resolvi\u00f3 extender la&#8230;<\/p>\n","protected":false},"author":2,"featured_media":21081,"comment_status":"closed","ping_status":"closed","sticky":false,"template":"","format":"standard","meta":{"footnotes":""},"categories":[2336,11],"tags":[180,3512],"class_list":["post-21080","post","type-post","status-publish","format-standard","has-post-thumbnail","hentry","category-barralateral","category-salud","tag-vacunacion","tag-virus-sincicial","wpcat-2336-id","wpcat-11-id"],"_links":{"self":[{"href":"https:\/\/labitacoraradio.com.ar\/web\/index.php?rest_route=\/wp\/v2\/posts\/21080","targetHints":{"allow":["GET"]}}],"collection":[{"href":"https:\/\/labitacoraradio.com.ar\/web\/index.php?rest_route=\/wp\/v2\/posts"}],"about":[{"href":"https:\/\/labitacoraradio.com.ar\/web\/index.php?rest_route=\/wp\/v2\/types\/post"}],"author":[{"embeddable":true,"href":"https:\/\/labitacoraradio.com.ar\/web\/index.php?rest_route=\/wp\/v2\/users\/2"}],"replies":[{"embeddable":true,"href":"https:\/\/labitacoraradio.com.ar\/web\/index.php?rest_route=%2Fwp%2Fv2%2Fcomments&post=21080"}],"version-history":[{"count":1,"href":"https:\/\/labitacoraradio.com.ar\/web\/index.php?rest_route=\/wp\/v2\/posts\/21080\/revisions"}],"predecessor-version":[{"id":21082,"href":"https:\/\/labitacoraradio.com.ar\/web\/index.php?rest_route=\/wp\/v2\/posts\/21080\/revisions\/21082"}],"wp:featuredmedia":[{"embeddable":true,"href":"https:\/\/labitacoraradio.com.ar\/web\/index.php?rest_route=\/wp\/v2\/media\/21081"}],"wp:attachment":[{"href":"https:\/\/labitacoraradio.com.ar\/web\/index.php?rest_route=%2Fwp%2Fv2%2Fmedia&parent=21080"}],"wp:term":[{"taxonomy":"category","embeddable":true,"href":"https:\/\/labitacoraradio.com.ar\/web\/index.php?rest_route=%2Fwp%2Fv2%2Fcategories&post=21080"},{"taxonomy":"post_tag","embeddable":true,"href":"https:\/\/labitacoraradio.com.ar\/web\/index.php?rest_route=%2Fwp%2Fv2%2Ftags&post=21080"}],"curies":[{"name":"wp","href":"https:\/\/api.w.org\/{rel}","templated":true}]}}