{"id":21089,"date":"2025-09-27T12:59:00","date_gmt":"2025-09-27T12:59:00","guid":{"rendered":"https:\/\/labitacoraradio.com.ar\/web\/?p=21089"},"modified":"2025-09-29T01:03:04","modified_gmt":"2025-09-29T01:03:04","slug":"inauguraron-nuevo-puesto-policial-en-villa-paranacito","status":"publish","type":"post","link":"https:\/\/labitacoraradio.com.ar\/web\/?p=21089","title":{"rendered":"Inauguraron nuevo puesto policial en Villa Paranacito"},"content":{"rendered":"\n<p class=\"has-medium-font-size\">El gobernador Rogelio Frigerio inaugur\u00f3 este s\u00e1bado el nuevo puesto policial \u00abEmpalme\u00bb, ubicado estrat\u00e9gicamente en el empalme de la ruta provincial 46 con la ruta nacional 12, una de las principales v\u00edas de ingreso a Villa Paranacito.<\/p>\n\n\n\n<p class=\"has-medium-font-size\">El destacamento, que reemplaza una antigua casa rodante, cuenta con capacidad para nueve efectivos, un patrullero y est\u00e1 equipado con seis c\u00e1maras de videovigilancia monitoreadas desde la Jefatura Departamental, buscando reforzar la seguridad.<\/p>\n\n\n\n<p class=\"has-medium-font-size\">Durante el acto, el gobernador Rogelio Frigerio destac\u00f3 la ubicaci\u00f3n fundamental del puesto y remarc\u00f3 que \u00absin seguridad no se puede trabajar, producir, estudiar. Sin seguridad no se puede vivir libremente\u00bb, asegurando que el Gobierno provincial est\u00e1 haciendo todo lo necesario para llevar tranquilidad a los vecinos.<\/p>\n\n\n\n<p class=\"has-medium-font-size\">El ministro de Justicia y Seguridad, N\u00e9stor Roncaglia, resalt\u00f3 que la obra fue \u00abedificado, trabajado desde el inicio hasta el final por nuestros propios polic\u00edas\u00bb, y el nuevo puesto permitir\u00e1 brindar asistencia r\u00e1pida y eficaz ante siniestros viales en la importante v\u00eda de entrada a la provincia.<\/p>\n\n\n\n<p><em>(Fuente: Gobierno de Entre R\u00edos)<\/em><\/p>\n","protected":false},"excerpt":{"rendered":"<p>El gobernador Rogelio Frigerio inaugur\u00f3 este s\u00e1bado el nuevo puesto&#8230;<\/p>\n","protected":false},"author":2,"featured_media":21090,"comment_status":"closed","ping_status":"closed","sticky":false,"template":"","format":"standard","meta":{"footnotes":""},"categories":[4,1129],"tags":[3571,315,854],"class_list":["post-21089","post","type-post","status-publish","format-standard","has-post-thumbnail","hentry","category-provinciales","category-seguridad","tag-destacamento","tag-rogelio-frigerio","tag-villa-paranacito","wpcat-4-id","wpcat-1129-id"],"_links":{"self":[{"href":"https:\/\/labitacoraradio.com.ar\/web\/index.php?rest_route=\/wp\/v2\/posts\/21089","targetHints":{"allow":["GET"]}}],"collection":[{"href":"https:\/\/labitacoraradio.com.ar\/web\/index.php?rest_route=\/wp\/v2\/posts"}],"about":[{"href":"https:\/\/labitacoraradio.com.ar\/web\/index.php?rest_route=\/wp\/v2\/types\/post"}],"author":[{"embeddable":true,"href":"https:\/\/labitacoraradio.com.ar\/web\/index.php?rest_route=\/wp\/v2\/users\/2"}],"replies":[{"embeddable":true,"href":"https:\/\/labitacoraradio.com.ar\/web\/index.php?rest_route=%2Fwp%2Fv2%2Fcomments&post=21089"}],"version-history":[{"count":1,"href":"https:\/\/labitacoraradio.com.ar\/web\/index.php?rest_route=\/wp\/v2\/posts\/21089\/revisions"}],"predecessor-version":[{"id":21091,"href":"https:\/\/labitacoraradio.com.ar\/web\/index.php?rest_route=\/wp\/v2\/posts\/21089\/revisions\/21091"}],"wp:featuredmedia":[{"embeddable":true,"href":"https:\/\/labitacoraradio.com.ar\/web\/index.php?rest_route=\/wp\/v2\/media\/21090"}],"wp:attachment":[{"href":"https:\/\/labitacoraradio.com.ar\/web\/index.php?rest_route=%2Fwp%2Fv2%2Fmedia&parent=21089"}],"wp:term":[{"taxonomy":"category","embeddable":true,"href":"https:\/\/labitacoraradio.com.ar\/web\/index.php?rest_route=%2Fwp%2Fv2%2Fcategories&post=21089"},{"taxonomy":"post_tag","embeddable":true,"href":"https:\/\/labitacoraradio.com.ar\/web\/index.php?rest_route=%2Fwp%2Fv2%2Ftags&post=21089"}],"curies":[{"name":"wp","href":"https:\/\/api.w.org\/{rel}","templated":true}]}}