{"id":21108,"date":"2025-10-05T09:46:00","date_gmt":"2025-10-05T09:46:00","guid":{"rendered":"https:\/\/labitacoraradio.com.ar\/web\/?p=21108"},"modified":"2025-10-05T13:52:08","modified_gmt":"2025-10-05T13:52:08","slug":"temporal-en-entre-rios-destrozos-cortes-y-alerta-prolongada-en-varias-localidades","status":"publish","type":"post","link":"https:\/\/labitacoraradio.com.ar\/web\/?p=21108","title":{"rendered":"Temporal en Entre R\u00edos: destrozos, cortes y alerta prolongada en varias localidades"},"content":{"rendered":"\n<p class=\"has-medium-font-size\">La tormenta que atraves\u00f3 la provincia durante la madrugada dej\u00f3 da\u00f1os materiales, calles anegadas, \u00e1rboles ca\u00eddos y cortes de energ\u00eda en distintas ciudades. No se reportaron v\u00edctimas, pero contin\u00faa el alerta meteorol\u00f3gica.<\/p>\n\n\n\n<p class=\"has-medium-font-size\">Un fuerte temporal azot\u00f3 durante la madrugada de este domingo a gran parte de la provincia de Entre R\u00edos, con lluvias intensas, r\u00e1fagas de viento, ca\u00edda de granizo y actividad el\u00e9ctrica. El fen\u00f3meno dej\u00f3 destrozos, interrupciones en el servicio el\u00e9ctrico y calles anegadas, especialmente en zonas del centro y sur entrerriano.<\/p>\n\n\n\n<p class=\"has-medium-font-size\"><strong>Paran\u00e1: lluvia intensa y cortes parciales de energ\u00eda<\/strong><\/p>\n\n\n\n<p class=\"has-medium-font-size\">En la capital provincial, las precipitaciones superaron los 60 mil\u00edmetros en pocas horas. Varias calles de la zona baja, especialmente en los barrios San Agust\u00edn, Thompson y Anacleto Medina, quedaron temporalmente anegadas. Cuadrillas de Defensa Civil trabajaron durante la ma\u00f1ana para despejar ramas ca\u00eddas y restablecer el servicio en sectores sin luz.<\/p>\n\n\n\n<p class=\"has-medium-font-size\"><strong>Gualeguaych\u00fa: anegamientos y postes ca\u00eddos<\/strong><\/p>\n\n\n\n<p class=\"has-medium-font-size\">En la ciudad del sur entrerriano, las r\u00e1fagas de viento provocaron ca\u00edda de \u00e1rboles y postes de alumbrado, adem\u00e1s de la interrupci\u00f3n parcial de la energ\u00eda el\u00e9ctrica. El municipio activ\u00f3 equipos de emergencia para asistir a los vecinos y limpiar las zonas afectadas. En redes sociales circularon im\u00e1genes de calles cubiertas por agua y granizo.<\/p>\n\n\n\n<p class=\"has-medium-font-size\"><strong>Concepci\u00f3n del Uruguay: voladura de techos y da\u00f1os materiales<\/strong><\/p>\n\n\n\n<p class=\"has-medium-font-size\">Los vientos superaron los 70 km\/h en algunos momentos. Varias viviendas sufrieron voladuras de techos y carteler\u00edas, adem\u00e1s de da\u00f1os en veh\u00edculos. Desde el \u00e1rea de Servicios P\u00fablicos se coordin\u00f3 la asistencia a familias afectadas y el retiro de \u00e1rboles ca\u00eddos. El municipio pidi\u00f3 extremar precauciones ante la posibilidad de nuevas lluvias.<\/p>\n\n\n\n<p class=\"has-medium-font-size\"><strong>Diamante, La Paz y San Salvador: caminos rurales anegados<\/strong><\/p>\n\n\n\n<p class=\"has-medium-font-size\">Estas ciudades registraron lluvias copiosas en cortos per\u00edodos. Los caminos rurales fueron los m\u00e1s afectados, con anegamientos y barro que complicaron el tr\u00e1nsito de veh\u00edculos. En algunos puntos, las autoridades debieron cortar el paso preventivamente hasta la mejora del clima.<\/p>\n\n\n\n<p class=\"has-medium-font-size\"><strong>Santa Elena y Bovril: techos volados y familias asistidas<\/strong><\/p>\n\n\n\n<p class=\"has-medium-font-size\">En el norte entrerriano, el viento golpe\u00f3 con fuerza. En Santa Elena y Bovril se reportaron techos arrancados, ca\u00edda de \u00e1rboles y tendidos el\u00e9ctricos. Equipos municipales y voluntarios colaboraron para brindar asistencia inmediata a las familias damnificadas.<\/p>\n\n\n\n<p class=\"has-medium-font-size\"><strong>Concordia y el norte provincial: lluvias y r\u00e1fagas intensas<\/strong><\/p>\n\n\n\n<p class=\"has-medium-font-size\">Concordia y su zona de influencia estuvieron bajo alerta naranja. Si bien los da\u00f1os fueron menores en comparaci\u00f3n con otras regiones, se registraron r\u00e1fagas fuertes y ca\u00edda de \u00e1rboles en algunos barrios. La Municipalidad activ\u00f3 los protocolos de contingencia y monitoreo.<\/p>\n\n\n\n<p class=\"has-medium-font-size\">Sin lesionados, pero con secuelas<\/p>\n\n\n\n<p class=\"has-medium-font-size\">Hasta el momento, no se reportaron lesionados ni evacuados oficiales, aunque s\u00ed numerosos reclamos por da\u00f1os materiales. Las empresas de energ\u00eda trabajan en la reposici\u00f3n del servicio, y Defensa Civil mantiene activos los relevamientos en toda la provincia.<\/p>\n\n\n\n<p class=\"has-medium-font-size\"><strong>Alerta del SMN y recomendaciones<\/strong><\/p>\n\n\n\n<p class=\"has-medium-font-size\">El Servicio Meteorol\u00f3gico Nacional mantiene vigente la alerta amarilla por tormentas para gran parte de Entre R\u00edos y el litoral argentino. Se recomienda evitar circular por rutas anegadas, no refugiarse bajo \u00e1rboles ni manipular cables ca\u00eddos.<br>Las autoridades recordaron mantener precauci\u00f3n y estar atentos a los canales oficiales de informaci\u00f3n.<\/p>\n\n\n\n<p><em>(Fuentes: Varias)<\/em><\/p>\n","protected":false},"excerpt":{"rendered":"<p>La tormenta que atraves\u00f3 la provincia durante la madrugada dej\u00f3&#8230;<\/p>\n","protected":false},"author":2,"featured_media":21109,"comment_status":"closed","ping_status":"closed","sticky":false,"template":"","format":"standard","meta":{"footnotes":""},"categories":[38],"tags":[3574,309,3573],"class_list":["post-21108","post","type-post","status-publish","format-standard","has-post-thumbnail","hentry","category-meteorologia","tag-alertas","tag-granizo","tag-toermentas","wpcat-38-id"],"_links":{"self":[{"href":"https:\/\/labitacoraradio.com.ar\/web\/index.php?rest_route=\/wp\/v2\/posts\/21108","targetHints":{"allow":["GET"]}}],"collection":[{"href":"https:\/\/labitacoraradio.com.ar\/web\/index.php?rest_route=\/wp\/v2\/posts"}],"about":[{"href":"https:\/\/labitacoraradio.com.ar\/web\/index.php?rest_route=\/wp\/v2\/types\/post"}],"author":[{"embeddable":true,"href":"https:\/\/labitacoraradio.com.ar\/web\/index.php?rest_route=\/wp\/v2\/users\/2"}],"replies":[{"embeddable":true,"href":"https:\/\/labitacoraradio.com.ar\/web\/index.php?rest_route=%2Fwp%2Fv2%2Fcomments&post=21108"}],"version-history":[{"count":1,"href":"https:\/\/labitacoraradio.com.ar\/web\/index.php?rest_route=\/wp\/v2\/posts\/21108\/revisions"}],"predecessor-version":[{"id":21110,"href":"https:\/\/labitacoraradio.com.ar\/web\/index.php?rest_route=\/wp\/v2\/posts\/21108\/revisions\/21110"}],"wp:featuredmedia":[{"embeddable":true,"href":"https:\/\/labitacoraradio.com.ar\/web\/index.php?rest_route=\/wp\/v2\/media\/21109"}],"wp:attachment":[{"href":"https:\/\/labitacoraradio.com.ar\/web\/index.php?rest_route=%2Fwp%2Fv2%2Fmedia&parent=21108"}],"wp:term":[{"taxonomy":"category","embeddable":true,"href":"https:\/\/labitacoraradio.com.ar\/web\/index.php?rest_route=%2Fwp%2Fv2%2Fcategories&post=21108"},{"taxonomy":"post_tag","embeddable":true,"href":"https:\/\/labitacoraradio.com.ar\/web\/index.php?rest_route=%2Fwp%2Fv2%2Ftags&post=21108"}],"curies":[{"name":"wp","href":"https:\/\/api.w.org\/{rel}","templated":true}]}}