{"id":21117,"date":"2025-10-04T18:01:00","date_gmt":"2025-10-04T18:01:00","guid":{"rendered":"https:\/\/labitacoraradio.com.ar\/web\/?p=21117"},"modified":"2025-10-05T14:04:31","modified_gmt":"2025-10-05T14:04:31","slug":"diputados-retoma-el-miercoles-el-polemico-proyecto-de-reforma-del-consejo-de-la-magistratura","status":"publish","type":"post","link":"https:\/\/labitacoraradio.com.ar\/web\/?p=21117","title":{"rendered":"Diputados retoma el mi\u00e9rcoles el pol\u00e9mico proyecto de reforma del Consejo de la Magistratura"},"content":{"rendered":"\n<p class=\"has-medium-font-size\">Ser\u00e1 el mi\u00e9rcoles 8 de octubre a partir de las 8:30 en la reuni\u00f3n de la Comisi\u00f3n de Asuntos Constitucionales, Juicio Pol\u00edtico y Peticiones, Poderes y Reglamento de la C\u00e1mara de Diputados. La norma cuenta con la aprobaci\u00f3n de ambas C\u00e1maras: el 22 de mayo tuvo media sanci\u00f3n de Diputados y el 18 de septiembre fue aprobada en general y particular por el Senado, y volvi\u00f3 a la C\u00e1mara de origen en revisi\u00f3n. El proyecto del Poder Ejecutivo tuvo serios cuestionamientos de organizaciones de jueces.<\/p>\n\n\n\n<p class=\"has-medium-font-size\">El mi\u00e9rcoles 8 a las 8.30 la Comisi\u00f3n de Asuntos Constitucionales, Juicio Pol\u00edtico y Peticiones, Poderes y Reglamento de la C\u00e1mara de Diputados volver\u00e1 a reunirse para abordar el proyecto de ley del Poder Ejecutivo de reforma del Consejo de la Magistratura que cuanta con media sanci\u00f3n de ambas c\u00e1maras de la Legislatura provincial.<\/p>\n\n\n\n<p class=\"has-medium-font-size\">El proyecto que el Poder Ejecutivo ingres\u00f3 a la C\u00e1mara de Diputados el 12 de diciembre de 2024 fue aprobado en general y en particular el 22 de mayo de 2025 y pas\u00f3 en revisi\u00f3n al Senado. All\u00ed, el 18 de septiembre fue tratado sobre tablas con el n\u00famero de votos requeridos, dos tercios, y fue aprobado en general y particular y remitido en revisi\u00f3n a la c\u00e1mara de origen.<\/p>\n\n\n\n<p class=\"has-medium-font-size\"><strong>Doble vocaci\u00f3n<\/strong><\/p>\n\n\n\n<p class=\"has-medium-font-size\">Seg\u00fan el Poder Ejecutivo, el proyecto tiene \u201cuna doble vocaci\u00f3n\u201d. Por un lado, pretende brindar \u201cuna adecuada respuesta a la situaci\u00f3n y necesidades hoy existentes, aportando celeridad a los concursos, para regularizar definitivamente la cobertura de cargos vacantes\u201d. Por otro lado, \u201caspira a trascender en el tiempo, para que una vez cubiertas las vacantes hoy existentes o simult\u00e1neamente con esa labor, se realicen concursos anticipados para futuras vacantes, garantizando la mayor agilidad posible en la designaci\u00f3n de Magistrados y Funcionarios de los Ministerios P\u00fablicos, elevando al m\u00e1ximo el est\u00e1ndar de seguridad jur\u00eddica y transparencia en su designaci\u00f3n\u201d.<\/p>\n\n\n\n<p class=\"has-medium-font-size\"><strong>Rechazo<\/strong><\/p>\n\n\n\n<p class=\"has-medium-font-size\">El proyecto oficial de reforma del Consejo de la Magistratura fue rechazado a principios de a\u00f1o, con duros conceptos, por la Asociaci\u00f3n de la Magistratura y la Funci\u00f3n Judicial de Entre R\u00edos (AMFJ) que, en una nota enviada a la presidenta de la Comisi\u00f3n de Asuntos Constitucionales, Juicio Pol\u00edtico y Peticiones, Poderes y Reglamento de la C\u00e1mara de Diputados \u2013con copia al gobernador y al presidente de aquella C\u00e1mara, realiz\u00f3 un pormenorizado an\u00e1lisis -t\u00e9cnico y pol\u00edtico- del proyecto y se plante\u00f3 una ser\u00eda cr\u00edtica sobre la eliminaci\u00f3n de la paridad de g\u00e9nero y la conformaci\u00f3n de un \u00f3rgano asesor que se superpondr\u00eda con la tarea de los consejeros, entre otros temas de importancia.<\/p>\n\n\n\n<p class=\"has-medium-font-size\">El Poder Ejecutivo envi\u00f3 el 6 de diciembre de 2024 su proyecto de reforma de la Ley del Consejo de la Magistratura de la Provincia de Entre R\u00edos N\u00ba 11.003. En aquella ocasi\u00f3n se cuestion\u00f3 la demora en la realizaci\u00f3n de los concursos para ingresar el Poder Judicial y se se\u00f1al\u00f3 \u2013en referencia a la modificaci\u00f3n que se realiz\u00f3 entre gallos y medianoche en la gesti\u00f3n de Gustavo Bordet-, que \u201cla \u00faltima reforma legal que ha merecido dicho organismo, ha generado una serie de inconvenientes de funcionamiento, que deben subsanarse para asegurar la funci\u00f3n constitucional asignada\u201d.<\/p>\n\n\n\n<p class=\"has-medium-font-size\">En este sentido, se puntualiz\u00f3 en \u201cel procedimiento previsto en la Ley N\u00ba11.003 para el desarrollo de la prueba de oposici\u00f3n denominado Banco de Casos, resulta de una complejidad tal para la prosecuci\u00f3n de los concursos convocados que, al no contar con los suficientes casos establecidos en la ley por materia, cargo y especialidad, y \u20182024 A\u00f1o del Trig\u00e9simo Aniversario de la Reforma de la Constituci\u00f3n Nacional\u2019 con la cantidad de 100 como m\u00ednimo para cada caso, no hace m\u00e1s que profundizar las demoras que ya se verificaban con anterioridad a la sanci\u00f3n de la reforma\u201d.<\/p>\n\n\n\n<p class=\"has-medium-font-size\">El Poder Ejecutivo fundament\u00f3 la necesidad de la reforma en que \u201cse proponen otras reformas para mejorar el funcionamiento del Consejo: en relaci\u00f3n a la composici\u00f3n del cuerpo de acad\u00e9micos se propone un cambio que por un lado, jerarquice la profesionalidad, calidad t\u00e9cnica y especializaci\u00f3n en relaci\u00f3n a la ciencia jur\u00eddica con la participaci\u00f3n de las universidades, tanto p\u00fablicas como privadas, que forman a los profesionales del derecho en nuestra regi\u00f3n, como as\u00ed tambi\u00e9n reconocer la necesidad de la participaci\u00f3n imprescindible de la Universidad Aut\u00f3noma de Entre R\u00edos, \u00fanica Casa de Altos estudios, con rango constitucional y sostenida por el presupuesto p\u00fablico de nuestra provincia\u201d. Este punto gener\u00f3 mucha resistencia, tanto en \u00e1mbitos jur\u00eddicos como acad\u00e9micos.<\/p>\n\n\n\n<p class=\"has-medium-font-size\">El Gobierno considera que \u201cuna innovaci\u00f3n de este proyecto, es el denominado Concurso Anticipado, el cual ha sido instrumentado en el Consejo de la Magistratura de la Naci\u00f3n y en sistemas comparados. Esta herramienta habilita la realizaci\u00f3n de concursos para cubrir futuras vacantes que se produzcan, permitiendo que de inmediato se puedan conformar las ternas para cubrir el cargo, a partir de un listado de postulantes que ya han sido previa y debidamente evaluados por concurso\u201d.<\/p>\n\n\n\n<p><em>(Fuente: APF Digital)<\/em><\/p>\n","protected":false},"excerpt":{"rendered":"<p>Ser\u00e1 el mi\u00e9rcoles 8 de octubre a partir de las&#8230;<\/p>\n","protected":false},"author":2,"featured_media":21118,"comment_status":"closed","ping_status":"closed","sticky":false,"template":"","format":"standard","meta":{"footnotes":""},"categories":[22,1659],"tags":[2411],"class_list":["post-21117","post","type-post","status-publish","format-standard","has-post-thumbnail","hentry","category-legislativas","category-poder-judicial","tag-consejo-de-la-magistratrua","wpcat-22-id","wpcat-1659-id"],"_links":{"self":[{"href":"https:\/\/labitacoraradio.com.ar\/web\/index.php?rest_route=\/wp\/v2\/posts\/21117","targetHints":{"allow":["GET"]}}],"collection":[{"href":"https:\/\/labitacoraradio.com.ar\/web\/index.php?rest_route=\/wp\/v2\/posts"}],"about":[{"href":"https:\/\/labitacoraradio.com.ar\/web\/index.php?rest_route=\/wp\/v2\/types\/post"}],"author":[{"embeddable":true,"href":"https:\/\/labitacoraradio.com.ar\/web\/index.php?rest_route=\/wp\/v2\/users\/2"}],"replies":[{"embeddable":true,"href":"https:\/\/labitacoraradio.com.ar\/web\/index.php?rest_route=%2Fwp%2Fv2%2Fcomments&post=21117"}],"version-history":[{"count":1,"href":"https:\/\/labitacoraradio.com.ar\/web\/index.php?rest_route=\/wp\/v2\/posts\/21117\/revisions"}],"predecessor-version":[{"id":21119,"href":"https:\/\/labitacoraradio.com.ar\/web\/index.php?rest_route=\/wp\/v2\/posts\/21117\/revisions\/21119"}],"wp:featuredmedia":[{"embeddable":true,"href":"https:\/\/labitacoraradio.com.ar\/web\/index.php?rest_route=\/wp\/v2\/media\/21118"}],"wp:attachment":[{"href":"https:\/\/labitacoraradio.com.ar\/web\/index.php?rest_route=%2Fwp%2Fv2%2Fmedia&parent=21117"}],"wp:term":[{"taxonomy":"category","embeddable":true,"href":"https:\/\/labitacoraradio.com.ar\/web\/index.php?rest_route=%2Fwp%2Fv2%2Fcategories&post=21117"},{"taxonomy":"post_tag","embeddable":true,"href":"https:\/\/labitacoraradio.com.ar\/web\/index.php?rest_route=%2Fwp%2Fv2%2Ftags&post=21117"}],"curies":[{"name":"wp","href":"https:\/\/api.w.org\/{rel}","templated":true}]}}