{"id":21137,"date":"2025-10-05T12:14:00","date_gmt":"2025-10-05T12:14:00","guid":{"rendered":"https:\/\/labitacoraradio.com.ar\/web\/?p=21137"},"modified":"2025-10-06T01:21:26","modified_gmt":"2025-10-06T01:21:26","slug":"liberaron-a-nicolas-calabrese-detenido-en-israel-durante-una-mision-humanitaria","status":"publish","type":"post","link":"https:\/\/labitacoraradio.com.ar\/web\/?p=21137","title":{"rendered":"Liberaron a Nicol\u00e1s Calabrese, detenido en Israel durante una misi\u00f3n humanitaria"},"content":{"rendered":"\n<p class=\"has-medium-font-size\">El activista paranaense fue liberado tras permanecer tres d\u00edas detenido en el desierto del Neguev. Participaba de la flotilla internacional \u201cGlobal Sumud\u201d, que buscaba llevar ayuda humanitaria a Gaza.<\/p>\n\n\n\n<p class=\"has-medium-font-size\">El activista argentino Nicol\u00e1s Calabrese, oriundo de Paran\u00e1 y con residencia en Brasil, fue liberado luego de permanecer tres d\u00edas detenido en Israel. Su arresto ocurri\u00f3 tras participar en la flotilla Global Sumud, una misi\u00f3n internacional que ten\u00eda como objetivo llevar alimentos, medicamentos y asistencia humanitaria a la Franja de Gaza.<\/p>\n\n\n\n<p class=\"has-medium-font-size\"><strong>Una misi\u00f3n interceptada en aguas internacionales<\/strong><\/p>\n\n\n\n<p class=\"has-medium-font-size\">Las fuerzas israel\u00edes interceptaron la flotilla el pasado jueves cuando navegaba en aguas internacionales rumbo a Gaza. M\u00e1s de 130 activistas de distintos pa\u00edses fueron arrestados, entre ellos Calabrese, quien fue trasladado a una prisi\u00f3n en el desierto del Neguev, en el sur de Israel.<\/p>\n\n\n\n<p class=\"has-medium-font-size\">Seg\u00fan los testimonios de los liberados, durante la detenci\u00f3n se produjeron maltratos, amenazas y condiciones de incomunicaci\u00f3n. Los prisioneros fueron alojados en los centros carcelarios de Saharonim y Ketziot, utilizados para detenciones administrativas y migratorias.<\/p>\n\n\n\n<p class=\"has-medium-font-size\"><strong>Deportaci\u00f3n y testimonio<\/strong><\/p>\n\n\n\n<p class=\"has-medium-font-size\">La liberaci\u00f3n de Calabrese fue posible gracias a su ciudadan\u00eda italiana, que facilit\u00f3 su deportaci\u00f3n. Desde el aeropuerto de Mil\u00e1n, el activista public\u00f3 un video en redes sociales donde relat\u00f3 lo vivido:<\/p>\n\n\n\n<p class=\"has-medium-font-size\"><em><strong>\u201cFuimos secuestrados ilegalmente por las fuerzas israel\u00edes y llevados contra nuestra voluntad. Nuestra misi\u00f3n era pac\u00edfica, sin armas, con el \u00fanico prop\u00f3sito de llevar ayuda humanitaria a Gaza<\/strong><\/em>\u201d.<\/p>\n\n\n\n<p class=\"has-medium-font-size\">En el mismo mensaje, denunci\u00f3 una <strong><em>\u201cviolaci\u00f3n inmensa de los derechos humanos<\/em><\/strong>\u201d y reclam\u00f3 la liberaci\u00f3n de los dem\u00e1s integrantes de la flotilla que contin\u00faan detenidos.<\/p>\n\n\n\n<p class=\"has-medium-font-size\"><strong>Repercusiones internacionales<\/strong><\/p>\n\n\n\n<p class=\"has-medium-font-size\">El caso de Calabrese gener\u00f3 repercusiones diplom\u00e1ticas y sociales. Diversas organizaciones humanitarias y de derechos humanos cuestionaron la legalidad de la operaci\u00f3n israel\u00ed y exigieron el respeto al derecho internacional.<\/p>\n\n\n\n<p class=\"has-medium-font-size\">Desde el gobierno argentino a\u00fan no hubo declaraciones oficiales, aunque referentes sociales y pol\u00edticos de Entre R\u00edos celebraron su liberaci\u00f3n y pidieron seguimiento del caso.<\/p>\n\n\n\n<p><em>(Fuentes Varias)<\/em><\/p>\n","protected":false},"excerpt":{"rendered":"<p>El activista paranaense fue liberado tras permanecer tres d\u00edas detenido&#8230;<\/p>\n","protected":false},"author":2,"featured_media":21139,"comment_status":"closed","ping_status":"closed","sticky":false,"template":"","format":"standard","meta":{"footnotes":""},"categories":[23,39],"tags":[3582,298,3581,3580],"class_list":["post-21137","post","type-post","status-publish","format-standard","has-post-thumbnail","hentry","category-derechos-humanos","category-relaciones-exteriores","tag-global-sumud","tag-israel","tag-mision-humanitaria","tag-nicolas-calabrese","wpcat-23-id","wpcat-39-id"],"_links":{"self":[{"href":"https:\/\/labitacoraradio.com.ar\/web\/index.php?rest_route=\/wp\/v2\/posts\/21137","targetHints":{"allow":["GET"]}}],"collection":[{"href":"https:\/\/labitacoraradio.com.ar\/web\/index.php?rest_route=\/wp\/v2\/posts"}],"about":[{"href":"https:\/\/labitacoraradio.com.ar\/web\/index.php?rest_route=\/wp\/v2\/types\/post"}],"author":[{"embeddable":true,"href":"https:\/\/labitacoraradio.com.ar\/web\/index.php?rest_route=\/wp\/v2\/users\/2"}],"replies":[{"embeddable":true,"href":"https:\/\/labitacoraradio.com.ar\/web\/index.php?rest_route=%2Fwp%2Fv2%2Fcomments&post=21137"}],"version-history":[{"count":1,"href":"https:\/\/labitacoraradio.com.ar\/web\/index.php?rest_route=\/wp\/v2\/posts\/21137\/revisions"}],"predecessor-version":[{"id":21140,"href":"https:\/\/labitacoraradio.com.ar\/web\/index.php?rest_route=\/wp\/v2\/posts\/21137\/revisions\/21140"}],"wp:featuredmedia":[{"embeddable":true,"href":"https:\/\/labitacoraradio.com.ar\/web\/index.php?rest_route=\/wp\/v2\/media\/21139"}],"wp:attachment":[{"href":"https:\/\/labitacoraradio.com.ar\/web\/index.php?rest_route=%2Fwp%2Fv2%2Fmedia&parent=21137"}],"wp:term":[{"taxonomy":"category","embeddable":true,"href":"https:\/\/labitacoraradio.com.ar\/web\/index.php?rest_route=%2Fwp%2Fv2%2Fcategories&post=21137"},{"taxonomy":"post_tag","embeddable":true,"href":"https:\/\/labitacoraradio.com.ar\/web\/index.php?rest_route=%2Fwp%2Fv2%2Ftags&post=21137"}],"curies":[{"name":"wp","href":"https:\/\/api.w.org\/{rel}","templated":true}]}}