{"id":21147,"date":"2025-10-12T22:54:55","date_gmt":"2025-10-12T22:54:55","guid":{"rendered":"https:\/\/labitacoraradio.com.ar\/web\/?p=21147"},"modified":"2025-10-12T22:54:56","modified_gmt":"2025-10-12T22:54:56","slug":"ventas-minoristas-pymes-cayeron-42-interanual-en-septiembre","status":"publish","type":"post","link":"https:\/\/labitacoraradio.com.ar\/web\/?p=21147","title":{"rendered":"Ventas minoristas pymes cayeron 4,2% interanual en septiembre"},"content":{"rendered":"\n<p class=\"has-medium-font-size\">Las ventas minoristas pymes registraron una variaci\u00f3n interanual negativa del 4,2% a precios constantes durante el mes de septiembre, lo que confirm\u00f3 un retroceso en el nivel de consumo interno en el pa\u00eds. El informe sectorial tambi\u00e9n detall\u00f3 que, en la comparaci\u00f3n mensual desestacionalizada, la baja fue del 2%. A pesar de esta contracci\u00f3n mensual e interanual, las ventas del sector acumularon un incremento del 5% en lo que va del a\u00f1o.<\/p>\n\n\n\n<p class=\"has-medium-font-size\">El panorama de septiembre mostr\u00f3 una tendencia homog\u00e9nea en los resultados, con ca\u00eddas interanuales en la totalidad de los rubros analizados. Los sectores que experimentaron los descensos m\u00e1s pronunciados fueron Textil e indumentaria, con una baja del 10,9%, y Bazar, decoraci\u00f3n, textiles para el hogar y muebles, que retrocedi\u00f3 un 6,2%.<\/p>\n\n\n\n<p class=\"has-medium-font-size\">En contraste, la comparaci\u00f3n intermensual arroj\u00f3 algunas excepciones. El rubro Perfumer\u00eda registr\u00f3 un crecimiento del 1,4% respecto del mes anterior, mientras que Ferreter\u00eda, materiales el\u00e9ctricos y de la construcci\u00f3n mantuvo sus niveles de ventas sin variaciones respecto a agosto.<\/p>\n\n\n\n<p class=\"has-medium-font-size\">Respecto a la situaci\u00f3n econ\u00f3mica de los comercios, una mayor\u00eda del 55% de los empresarios pymes indic\u00f3 que la situaci\u00f3n se mantuvo igual al a\u00f1o pasado. Sin embargo, un 38% advirti\u00f3 un empeoramiento, lo que represent\u00f3 un aumento de tres puntos porcentuales en relaci\u00f3n con agosto. En sinton\u00eda con este dato, solo un 7,2% de los comerciantes percibi\u00f3 una mejora en sus negocios.<\/p>\n\n\n\n<p class=\"has-medium-font-size\">Fuentes del sector consultadas por Elonce.com atribuyeron el retroceso de septiembre a factores como \u00abla p\u00e9rdida de poder adquisitivo\u00bb de los hogares y \u00abla falta de est\u00edmulos comerciales\u00bb, que condicionaron la demanda en un escenario de \u00abincertidumbre econ\u00f3mica y pol\u00edtica\u00bb.<\/p>\n\n\n\n<p class=\"has-medium-font-size\">Sobre las expectativas futuras, un 47,6% de los comerciantes encuestados previ\u00f3 una mejora para el pr\u00f3ximo a\u00f1o. Por otro lado, un 41,5% consider\u00f3 que la situaci\u00f3n se mantendr\u00e1 sin cambios, mientras que el 10,8% anticip\u00f3 que el panorama ser\u00e1 peor.<\/p>\n\n\n\n<p class=\"has-medium-font-size\">Finalmente, sobre la posibilidad de realizar inversiones, el 60,1% del empresariado pyme consider\u00f3 que no se trata de un buen momento para concretarlas. En la otra vereda, el 12% sostuvo que s\u00ed es un momento adecuado para invertir, y el 27,8% restante no brind\u00f3 una opini\u00f3n definida o no contest\u00f3.<\/p>\n\n\n\n<p><em>(Fuente: CAME)<\/em><\/p>\n","protected":false},"excerpt":{"rendered":"<p>Las ventas minoristas pymes registraron una variaci\u00f3n interanual negativa del&#8230;<\/p>\n","protected":false},"author":2,"featured_media":21148,"comment_status":"closed","ping_status":"closed","sticky":false,"template":"","format":"standard","meta":{"footnotes":""},"categories":[943,8],"tags":[1304],"class_list":["post-21147","post","type-post","status-publish","format-standard","has-post-thumbnail","hentry","category-comercio","category-economia","tag-came","wpcat-943-id","wpcat-8-id"],"_links":{"self":[{"href":"https:\/\/labitacoraradio.com.ar\/web\/index.php?rest_route=\/wp\/v2\/posts\/21147","targetHints":{"allow":["GET"]}}],"collection":[{"href":"https:\/\/labitacoraradio.com.ar\/web\/index.php?rest_route=\/wp\/v2\/posts"}],"about":[{"href":"https:\/\/labitacoraradio.com.ar\/web\/index.php?rest_route=\/wp\/v2\/types\/post"}],"author":[{"embeddable":true,"href":"https:\/\/labitacoraradio.com.ar\/web\/index.php?rest_route=\/wp\/v2\/users\/2"}],"replies":[{"embeddable":true,"href":"https:\/\/labitacoraradio.com.ar\/web\/index.php?rest_route=%2Fwp%2Fv2%2Fcomments&post=21147"}],"version-history":[{"count":1,"href":"https:\/\/labitacoraradio.com.ar\/web\/index.php?rest_route=\/wp\/v2\/posts\/21147\/revisions"}],"predecessor-version":[{"id":21149,"href":"https:\/\/labitacoraradio.com.ar\/web\/index.php?rest_route=\/wp\/v2\/posts\/21147\/revisions\/21149"}],"wp:featuredmedia":[{"embeddable":true,"href":"https:\/\/labitacoraradio.com.ar\/web\/index.php?rest_route=\/wp\/v2\/media\/21148"}],"wp:attachment":[{"href":"https:\/\/labitacoraradio.com.ar\/web\/index.php?rest_route=%2Fwp%2Fv2%2Fmedia&parent=21147"}],"wp:term":[{"taxonomy":"category","embeddable":true,"href":"https:\/\/labitacoraradio.com.ar\/web\/index.php?rest_route=%2Fwp%2Fv2%2Fcategories&post=21147"},{"taxonomy":"post_tag","embeddable":true,"href":"https:\/\/labitacoraradio.com.ar\/web\/index.php?rest_route=%2Fwp%2Fv2%2Ftags&post=21147"}],"curies":[{"name":"wp","href":"https:\/\/api.w.org\/{rel}","templated":true}]}}