{"id":21159,"date":"2025-10-10T13:14:00","date_gmt":"2025-10-10T13:14:00","guid":{"rendered":"https:\/\/labitacoraradio.com.ar\/web\/?p=21159"},"modified":"2025-10-12T23:17:48","modified_gmt":"2025-10-12T23:17:48","slug":"la-intendenta-romero-recibio-al-embajador-de-guatemala-en-un-encuentro-protocolar","status":"publish","type":"post","link":"https:\/\/labitacoraradio.com.ar\/web\/?p=21159","title":{"rendered":"La intendenta Romero recibi\u00f3 al embajador de Guatemala en un encuentro protocolar"},"content":{"rendered":"\n<p class=\"has-medium-font-size\">La intendenta de Paran\u00e1, Rosario Romero, concret\u00f3 un encuentro protocolar con el embajador de Guatemala en Argentina, Iv\u00e1n Espinoza, en las instalaciones del Palacio Municipal. Durante la reuni\u00f3n, los funcionarios conversaron sobre diversos temas y la importancia de establecer y fortalecer v\u00ednculos entre ambos pa\u00edses.<\/p>\n\n\n\n<p class=\"has-medium-font-size\">La intendenta valor\u00f3 el di\u00e1logo y la perspectiva que aport\u00f3 el diplom\u00e1tico. \u00abHemos intercambiado temas sobre educaci\u00f3n, nuestras culturas y la naturaleza. Siempre esclarece tener las miradas de nuestros pa\u00edses\u201d, se\u00f1al\u00f3 la intendenta tras el encuentro.<\/p>\n\n\n\n<p class=\"has-medium-font-size\">Por su parte, el Embajador de Guatemala en Argentina, Iv\u00e1n Espinoza, manifest\u00f3 su agradecimiento por la recepci\u00f3n y explic\u00f3 el objetivo de su visita. \u00abIntercambiamos puntos de vista con el objetivo de acercarnos a la provincia, a la ciudad. Creo que el primer reto es conocernos, saber qu\u00e9 hace el otro, qu\u00e9 producen, su historia, su cultura y conocer cu\u00e1les son los v\u00ednculos que nos unen\u00bb, expres\u00f3 Espinoza. El diplom\u00e1tico agreg\u00f3 que se encontraban \u201cmuy agradecidos que la intendenta nos haya recibido en su ciudad\u201d.<\/p>\n\n\n\n<p class=\"has-medium-font-size\">Al finalizar la reuni\u00f3n, la intendenta Rosario Romero le entreg\u00f3 al embajador Espinoza diversos presentes. La intendenta obsequi\u00f3 el libro \u201cParan\u00e1. Del r\u00edo a la querencia. Cr\u00f3nicas de la Villa Bicentenaria\u00bb, escrito por Mario Alarc\u00f3n Mu\u00f1iz, y una acuarela de la fachada del Palacio Municipal de Paran\u00e1 realizada por la artista Romina Burone. Adem\u00e1s, la intendenta Romero entreg\u00f3 un decreto que declar\u00f3 al embajador Iv\u00e1n Espinoza Hu\u00e9sped de Honor de Paran\u00e1.<\/p>\n\n\n\n<p><em>(Fuente: Municipalidad de Paran\u00e1)<\/em><\/p>\n","protected":false},"excerpt":{"rendered":"<p>La intendenta de Paran\u00e1, Rosario Romero, concret\u00f3 un encuentro protocolar&#8230;<\/p>\n","protected":false},"author":2,"featured_media":21160,"comment_status":"closed","ping_status":"closed","sticky":false,"template":"","format":"standard","meta":{"footnotes":""},"categories":[2288,39],"tags":[3585,541],"class_list":["post-21159","post","type-post","status-publish","format-standard","has-post-thumbnail","hentry","category-gestion","category-relaciones-exteriores","tag-embajador-de-guatemala","tag-rosario-romero","wpcat-2288-id","wpcat-39-id"],"_links":{"self":[{"href":"https:\/\/labitacoraradio.com.ar\/web\/index.php?rest_route=\/wp\/v2\/posts\/21159","targetHints":{"allow":["GET"]}}],"collection":[{"href":"https:\/\/labitacoraradio.com.ar\/web\/index.php?rest_route=\/wp\/v2\/posts"}],"about":[{"href":"https:\/\/labitacoraradio.com.ar\/web\/index.php?rest_route=\/wp\/v2\/types\/post"}],"author":[{"embeddable":true,"href":"https:\/\/labitacoraradio.com.ar\/web\/index.php?rest_route=\/wp\/v2\/users\/2"}],"replies":[{"embeddable":true,"href":"https:\/\/labitacoraradio.com.ar\/web\/index.php?rest_route=%2Fwp%2Fv2%2Fcomments&post=21159"}],"version-history":[{"count":1,"href":"https:\/\/labitacoraradio.com.ar\/web\/index.php?rest_route=\/wp\/v2\/posts\/21159\/revisions"}],"predecessor-version":[{"id":21161,"href":"https:\/\/labitacoraradio.com.ar\/web\/index.php?rest_route=\/wp\/v2\/posts\/21159\/revisions\/21161"}],"wp:featuredmedia":[{"embeddable":true,"href":"https:\/\/labitacoraradio.com.ar\/web\/index.php?rest_route=\/wp\/v2\/media\/21160"}],"wp:attachment":[{"href":"https:\/\/labitacoraradio.com.ar\/web\/index.php?rest_route=%2Fwp%2Fv2%2Fmedia&parent=21159"}],"wp:term":[{"taxonomy":"category","embeddable":true,"href":"https:\/\/labitacoraradio.com.ar\/web\/index.php?rest_route=%2Fwp%2Fv2%2Fcategories&post=21159"},{"taxonomy":"post_tag","embeddable":true,"href":"https:\/\/labitacoraradio.com.ar\/web\/index.php?rest_route=%2Fwp%2Fv2%2Ftags&post=21159"}],"curies":[{"name":"wp","href":"https:\/\/api.w.org\/{rel}","templated":true}]}}