{"id":21168,"date":"2025-10-12T11:35:00","date_gmt":"2025-10-12T11:35:00","guid":{"rendered":"https:\/\/labitacoraradio.com.ar\/web\/?p=21168"},"modified":"2025-10-20T12:25:54","modified_gmt":"2025-10-20T12:25:54","slug":"fallecio-jorge-mendez-la-cultura-entrerriana-de-luto","status":"publish","type":"post","link":"https:\/\/labitacoraradio.com.ar\/web\/?p=21168","title":{"rendered":"Falleci\u00f3 Jorge M\u00e9ndez: la cultura entrerriana de luto"},"content":{"rendered":"\n<p class=\"has-medium-font-size\">Muri\u00f3 Jorge M\u00e9ndez, el poeta y cantor entrerriano, a los 83 a\u00f1os de edad. M\u00e9ndez fue reconocido como una de las m\u00e1ximas referencias del folclore de Entre R\u00edos. La informaci\u00f3n fue confirmada por sus familiares directos a Elonce.<\/p>\n\n\n\n<p class=\"has-medium-font-size\">El artista, nacido en Paran\u00e1 en 1942, fue el creador de canciones que se convirtieron en un sello de la identidad cultural entrerriana. Entre sus obras m\u00e1s destacadas se encuentran \u201cCanci\u00f3n de Puerto S\u00e1nchez\u201d, \u201cEl Jornalero\u201d, \u201cYo soy de Paran\u00e1\u201d y \u201cEl puentecito de La Picada\u201d.<\/p>\n\n\n\n<p class=\"has-medium-font-size\">La obra de M\u00e9ndez fue reconocida tanto a nivel nacional como internacional. Su arte combin\u00f3 una marcada ra\u00edz regionalista con un compromiso con los Derechos Humanos y la defensa del medio ambiente, tem\u00e1ticas que abord\u00f3 a trav\u00e9s de su m\u00fasica y su poes\u00eda. Falleci\u00f3 Jorge M\u00e9ndez, s\u00edmbolo imprescindible del cancionero entrerriano. Su legado fue interpretado por diversas generaciones de m\u00fasicos y disfrutado por p\u00fablicos de todas las edades.<\/p>\n\n\n\n<p class=\"has-medium-font-size\">A lo largo de su trayectoria, Jorge M\u00e9ndez recibi\u00f3 m\u00faltiples premios y distinciones, incluyendo un reconocimiento del Senado de la Naci\u00f3n por su contribuci\u00f3n cultural y social. En el \u00e1mbito local, fue declarado Ciudadano Ilustre de Paran\u00e1 en el a\u00f1o 2012.<\/p>\n\n\n\n<p class=\"has-medium-font-size\">M\u00e9ndez se inclin\u00f3 por la poes\u00eda, el canto y la guitarra desde su juventud. En 1961, a sus 19 a\u00f1os, escribi\u00f3 su primera canci\u00f3n, \u201cCanci\u00f3n del jornalero\u201d. El auge del folklore argentino durante la d\u00e9cada del 60 lo llev\u00f3 a consolidar su carrera art\u00edstica, creando composiciones de ra\u00edz nativa.<\/p>\n\n\n\n<p class=\"has-medium-font-size\"><strong>Consagraci\u00f3n<\/strong><\/p>\n\n\n\n<p class=\"has-medium-font-size\">En 1965, M\u00e9ndez se consagr\u00f3 en el Festival Nacional de Folklore de Cosqu\u00edn, un logro que lo llev\u00f3 posteriormente a grabar su primer disco. En el a\u00f1o 1983, public\u00f3 su primer libro de poemas, titulado \u201cRaz\u00f3n de ser\u201d. La Sociedad Argentina de Autores y Compositores (SADAIC) edit\u00f3 adem\u00e1s una biograf\u00eda dedicada al autor, dentro de una serie sobre m\u00fasicos populares del litoral.<\/p>\n\n\n\n<p class=\"has-medium-font-size\">En una entrevista que concedi\u00f3 a <em>Elonce<\/em> con motivo de su cumplea\u00f1os n\u00famero 80, el reconocido cantor record\u00f3 la trascendencia de su obra. \u00abAl tema \u201cEl Jornalero\u201d, lo escrib\u00ed a los 19 a\u00f1os; la gente lo cantaba de memoria. Cuatro generaciones que est\u00e1n cantando Puerto S\u00e1nchez y Puentecito de la Picada\u201d, afirm\u00f3 en aquella oportunidad.<\/p>\n\n\n\n<p class=\"has-medium-font-size\">Su nombre fue utilizado para homenajearlo en distintos espacios de la ciudad de Paran\u00e1, incluyendo la biblioteca de la escuela \u201cLas Heras\u201d y el anfiteatro de la plazoleta Italia. Adem\u00e1s, una calle de la localidad de La Picada, en el departamento Paran\u00e1, lleva su nombre, en homenaje a su popular canci\u00f3n \u201cPuentecito de La Picada\u201d, una de las m\u00e1s grabadas por diversos int\u00e9rpretes.<\/p>\n\n\n\n<p><em>(Fuente: Elonce.com)<\/em><\/p>\n","protected":false},"excerpt":{"rendered":"<p>Muri\u00f3 Jorge M\u00e9ndez, el poeta y cantor entrerriano, a los&#8230;<\/p>\n","protected":false},"author":2,"featured_media":21169,"comment_status":"closed","ping_status":"closed","sticky":false,"template":"","format":"standard","meta":{"footnotes":""},"categories":[10],"tags":[1110,3587],"class_list":["post-21168","post","type-post","status-publish","format-standard","has-post-thumbnail","hentry","category-cultura","tag-duelo","tag-jorge-mendez","wpcat-10-id"],"_links":{"self":[{"href":"https:\/\/labitacoraradio.com.ar\/web\/index.php?rest_route=\/wp\/v2\/posts\/21168","targetHints":{"allow":["GET"]}}],"collection":[{"href":"https:\/\/labitacoraradio.com.ar\/web\/index.php?rest_route=\/wp\/v2\/posts"}],"about":[{"href":"https:\/\/labitacoraradio.com.ar\/web\/index.php?rest_route=\/wp\/v2\/types\/post"}],"author":[{"embeddable":true,"href":"https:\/\/labitacoraradio.com.ar\/web\/index.php?rest_route=\/wp\/v2\/users\/2"}],"replies":[{"embeddable":true,"href":"https:\/\/labitacoraradio.com.ar\/web\/index.php?rest_route=%2Fwp%2Fv2%2Fcomments&post=21168"}],"version-history":[{"count":1,"href":"https:\/\/labitacoraradio.com.ar\/web\/index.php?rest_route=\/wp\/v2\/posts\/21168\/revisions"}],"predecessor-version":[{"id":21170,"href":"https:\/\/labitacoraradio.com.ar\/web\/index.php?rest_route=\/wp\/v2\/posts\/21168\/revisions\/21170"}],"wp:featuredmedia":[{"embeddable":true,"href":"https:\/\/labitacoraradio.com.ar\/web\/index.php?rest_route=\/wp\/v2\/media\/21169"}],"wp:attachment":[{"href":"https:\/\/labitacoraradio.com.ar\/web\/index.php?rest_route=%2Fwp%2Fv2%2Fmedia&parent=21168"}],"wp:term":[{"taxonomy":"category","embeddable":true,"href":"https:\/\/labitacoraradio.com.ar\/web\/index.php?rest_route=%2Fwp%2Fv2%2Fcategories&post=21168"},{"taxonomy":"post_tag","embeddable":true,"href":"https:\/\/labitacoraradio.com.ar\/web\/index.php?rest_route=%2Fwp%2Fv2%2Ftags&post=21168"}],"curies":[{"name":"wp","href":"https:\/\/api.w.org\/{rel}","templated":true}]}}