{"id":21171,"date":"2025-10-11T23:45:19","date_gmt":"2025-10-11T23:45:19","guid":{"rendered":"https:\/\/labitacoraradio.com.ar\/web\/?p=21171"},"modified":"2025-10-12T23:50:07","modified_gmt":"2025-10-12T23:50:07","slug":"ucr-activa-entre-rios-insto-a-los-afiliados-a-votar-en-blanco-en-las-elecciones-legislativas","status":"publish","type":"post","link":"https:\/\/labitacoraradio.com.ar\/web\/?p=21171","title":{"rendered":"UCR Activa Entre R\u00edos inst\u00f3 a los afiliados a votar en blanco en las elecciones legislativas"},"content":{"rendered":"\n<p class=\"has-medium-font-size\">La l\u00ednea interna UCR Activa Entre R\u00edos realiz\u00f3 un llamado a los afiliados de la Uni\u00f3n C\u00edvica Radical (UCR) para que votaran en blanco en las pr\u00f3ximas elecciones legislativas que se desarrollar\u00e1n el domingo 26 de octubre. La agrupaci\u00f3n sostuvo su postura bajo el lema \u201cVota en blanco. Vota con sentido radical\u201d.<\/p>\n\n\n\n<p class=\"has-medium-font-size\">Mediante un comunicado, UCR Activa Entre R\u00edos afirm\u00f3 que la conducci\u00f3n del partido en la provincia \u00abentreg\u00f3 el partido a La Libertad Avanza (LLA) y nos invisibiliz\u00f3\u00bb. La l\u00ednea interna sostuvo que, en consecuencia, \u00aben la boleta de Milei, el radicalismo aparece diluido, subordinado y sin voz propia detr\u00e1s del antipueblo\u201d.<\/p>\n\n\n\n<p class=\"has-medium-font-size\">La agrupaci\u00f3n radical se defendi\u00f3 de las posibles cr\u00edticas y explic\u00f3 el sentido de su convocatoria. Afirmaron que \u201cvotar en blanco no es \u2018lavarse las manos\u2019\u201d. Sostuvieron que la decisi\u00f3n significaba \u201cdecir no a Milei. No a la entrega del radicalismo y s\u00ed a su recuperaci\u00f3n moral y doctrinaria. Es un voto con sentido radical\u201d.<\/p>\n\n\n\n<p class=\"has-medium-font-size\">UCR Activa Entre R\u00edos cuestion\u00f3 duramente a la dirigencia partidaria. Expresaron que \u201cno somos los afiliados quienes nos alejamos del partido. Fue la conducci\u00f3n la que se alej\u00f3 de nosotros, rompiendo con la doctrina, la historia y la \u00e9tica radical y nos puso en esta situaci\u00f3n\u201d.<\/p>\n\n\n\n<p class=\"has-medium-font-size\">Ante lo que consideraron decisiones \u201cantidoctrinarias y oportunistas\u201d de la conducci\u00f3n, UCR Activa manifest\u00f3 que los radicales de convicci\u00f3n \u201cno tenemos otra alternativa que votar en blanco\u201d. Indicaron que la decisi\u00f3n de UCR Activa Entre R\u00edos llam\u00f3 al radicalismo a votar en blanco el domingo 26 y no se trataba de \u201cun gesto de indiferencia, sino de una manifestaci\u00f3n pol\u00edtica firme y \u00e9tica\u201d.<\/p>\n\n\n\n<p class=\"has-medium-font-size\">La agrupaci\u00f3n tambi\u00e9n se dirigi\u00f3 a los afiliados para recordar el alcance de las elecciones venideras. \u00abTen\u00e9 en cuenta que los legisladores que se eligen tendr\u00e1n que votar en el Congreso de la Naci\u00f3n por: la educaci\u00f3n y la salud p\u00fablica, los jubilados, el federalismo y el destino de nuestros recursos\u201d, advirtieron.<\/p>\n\n\n\n<p class=\"has-medium-font-size\">En el comunicado, la l\u00ednea interna aclar\u00f3 la implicancia del voto en blanco en el sistema de reparto. Explicaron que \u201cen el sistema de reparto de las bancas, los votos en blanco no inciden en beneficio de alguien en particular -como sucede en los cargos ejecutivos-, pero expresan con claridad la disconformidad de quienes se niegan a legitimar una alianza contraria a nuestros principios\u201d.<\/p>\n\n\n\n<p class=\"has-medium-font-size\">Finalmente, UCR Activa Entre R\u00edos afirm\u00f3 que votar por la alianza con LLA significaba \u201cavalar un proyecto de corte autoritario y plutocr\u00e1tico, que subordina la democracia al poder financiero y agrava la desigualdad social\u201d. Por ello, instaron a no \u201clegitimar una lista que votar\u00e1 en tu contra\u201d y a \u201cvotar en blanco. Vot\u00e1 con sentido radical\u201d.<\/p>\n\n\n\n<p><em>(Fuente: UCR Activa Entre R\u00edos)<\/em><\/p>\n","protected":false},"excerpt":{"rendered":"<p>La l\u00ednea interna UCR Activa Entre R\u00edos realiz\u00f3 un llamado&#8230;<\/p>\n","protected":false},"author":2,"featured_media":21172,"comment_status":"closed","ping_status":"closed","sticky":false,"template":"","format":"standard","meta":{"footnotes":""},"categories":[1],"tags":[3588],"class_list":["post-21171","post","type-post","status-publish","format-standard","has-post-thumbnail","hentry","category-politica","tag-elecciones-legislativas","wpcat-1-id"],"_links":{"self":[{"href":"https:\/\/labitacoraradio.com.ar\/web\/index.php?rest_route=\/wp\/v2\/posts\/21171","targetHints":{"allow":["GET"]}}],"collection":[{"href":"https:\/\/labitacoraradio.com.ar\/web\/index.php?rest_route=\/wp\/v2\/posts"}],"about":[{"href":"https:\/\/labitacoraradio.com.ar\/web\/index.php?rest_route=\/wp\/v2\/types\/post"}],"author":[{"embeddable":true,"href":"https:\/\/labitacoraradio.com.ar\/web\/index.php?rest_route=\/wp\/v2\/users\/2"}],"replies":[{"embeddable":true,"href":"https:\/\/labitacoraradio.com.ar\/web\/index.php?rest_route=%2Fwp%2Fv2%2Fcomments&post=21171"}],"version-history":[{"count":1,"href":"https:\/\/labitacoraradio.com.ar\/web\/index.php?rest_route=\/wp\/v2\/posts\/21171\/revisions"}],"predecessor-version":[{"id":21173,"href":"https:\/\/labitacoraradio.com.ar\/web\/index.php?rest_route=\/wp\/v2\/posts\/21171\/revisions\/21173"}],"wp:featuredmedia":[{"embeddable":true,"href":"https:\/\/labitacoraradio.com.ar\/web\/index.php?rest_route=\/wp\/v2\/media\/21172"}],"wp:attachment":[{"href":"https:\/\/labitacoraradio.com.ar\/web\/index.php?rest_route=%2Fwp%2Fv2%2Fmedia&parent=21171"}],"wp:term":[{"taxonomy":"category","embeddable":true,"href":"https:\/\/labitacoraradio.com.ar\/web\/index.php?rest_route=%2Fwp%2Fv2%2Fcategories&post=21171"},{"taxonomy":"post_tag","embeddable":true,"href":"https:\/\/labitacoraradio.com.ar\/web\/index.php?rest_route=%2Fwp%2Fv2%2Ftags&post=21171"}],"curies":[{"name":"wp","href":"https:\/\/api.w.org\/{rel}","templated":true}]}}