{"id":21174,"date":"2025-10-12T19:51:00","date_gmt":"2025-10-12T19:51:00","guid":{"rendered":"https:\/\/labitacoraradio.com.ar\/web\/?p=21174"},"modified":"2025-10-12T23:56:45","modified_gmt":"2025-10-12T23:56:45","slug":"dieron-detalles-sobre-el-operativo-que-permitio-detener-a-rodriguez-laurta-y-rescatar-a-su-hijo","status":"publish","type":"post","link":"https:\/\/labitacoraradio.com.ar\/web\/?p=21174","title":{"rendered":"Dieron detalles sobre el operativo que permiti\u00f3 detener a Rodr\u00edguez Laurta y rescatar a su hijo"},"content":{"rendered":"\n<p class=\"has-medium-font-size\">Tras el operativo realizado este domingo en Gualeguaych\u00fa, que result\u00f3 en la detenci\u00f3n de Pablo Daniel Rodr\u00edguez Laurta y el rescate de su hijo, a quien hab\u00eda secuestrado en la provincia de C\u00f3rdoba, el Ministerio de Seguridad y Justicia de Entre R\u00edos ofreci\u00f3 una conferencia de prensa para brindar precisiones sobre el procedimiento.<\/p>\n\n\n\n<p class=\"has-medium-font-size\">La exposici\u00f3n estuvo a cargo del ministro de Seguridad y Justicia, N\u00e9stor Roncaglia, el jefe de la Polic\u00eda de Entre R\u00edos, Claudio Gonz\u00e1lez, y el jefe departamental de Gualeguaych\u00fa, Luis Alberto B\u00e1ez. Durante la conferencia, los funcionarios explicaron que el hombre fue aprehendido en la entrada de un hotel de la ciudad de Gualeguaych\u00fa, en el momento en que intentaba organizar su cruce ilegal hacia Uruguay junto al menor.<\/p>\n\n\n\n<p class=\"has-medium-font-size\">El ministro Roncaglia resalt\u00f3 la importancia de la coordinaci\u00f3n con el Ministerio de Seguridad de C\u00f3rdoba, a cargo de Juan Pablo Quinteros. \u201cInmediatamente tras recibir la informaci\u00f3n este mediod\u00eda nos pusimos a trabajar con el jefe de Polic\u00eda, los jefes de la departamentales y el personal de la departamental Gualeguaych\u00fa\u00bb, sostuvo el ministro, destacando la informaci\u00f3n provista desde C\u00f3rdoba como necesaria para la ejecuci\u00f3n del operativo.<\/p>\n\n\n\n<p class=\"has-medium-font-size\">Sobre la situaci\u00f3n de la detenci\u00f3n, informaron que Rodr\u00edguez Laurta sufri\u00f3 una descompensaci\u00f3n. Por este motivo, fue trasladado a un hospital local para recibir atenci\u00f3n m\u00e9dica y, una vez estabilizado, qued\u00f3 alojado en una dependencia policial. En cuanto al ni\u00f1o, fue puesto bajo resguardo del Consejo Provincial del Ni\u00f1o, Adolescente y Familia (Copnaf).<\/p>\n\n\n\n<p class=\"has-medium-font-size\">Durante la conferencia, las autoridades precisaron que el caso de Pablo Daniel Rodr\u00edguez Laurta se vincul\u00f3 con otra investigaci\u00f3n que se encontraba en curso en la provincia de C\u00f3rdoba, la desaparici\u00f3n de un conductor de una aplicaci\u00f3n de viajes, identificado como Mart\u00edn Palacios, cuyo veh\u00edculo hab\u00eda sido hallado incendiado.<\/p>\n\n\n\n<p class=\"has-medium-font-size\">Seg\u00fan la informaci\u00f3n policial, Rodr\u00edguez Laurta solicit\u00f3 un viaje a trav\u00e9s de una aplicaci\u00f3n desde Concordia, con un autom\u00f3vil Toyota Corolla conducido por Palacios. La familia del chofer radic\u00f3 la denuncia tras perder contacto con \u00e9l, lo que origin\u00f3 su b\u00fasqueda.<\/p>\n\n\n\n<p class=\"has-medium-font-size\">El jueves, las autoridades tomaron conocimiento del hallazgo del veh\u00edculo incendiado en C\u00f3rdoba. En coordinaci\u00f3n con la Polic\u00eda de esa provincia, se estableci\u00f3 que Rodr\u00edguez Laurta podr\u00eda estar vinculado al homicidio de dos mujeres, hecho tras el cual se fug\u00f3 con su hijo de cinco a\u00f1os. Roncaglia brind\u00f3 detalles sobre el operativo que permiti\u00f3 detener a Rodr\u00edguez Laurta y rescatar a su hijo.<\/p>\n\n\n\n<p class=\"has-medium-font-size\">Finalmente, se reiter\u00f3 que el constante intercambio de informaci\u00f3n entre las fuerzas de seguridad de C\u00f3rdoba y Entre R\u00edos result\u00f3 ser clave para lograr determinar una posible zona de localizaci\u00f3n del sospechoso. Esto permiti\u00f3 organizar el operativo que culmin\u00f3 con su detenci\u00f3n en Gualeguaych\u00fa y el rescate del menor.<\/p>\n\n\n\n<p><em>(Fuientes: varias)<\/em><\/p>\n","protected":false},"excerpt":{"rendered":"<p>Tras el operativo realizado este domingo en Gualeguaych\u00fa, que result\u00f3&#8230;<\/p>\n","protected":false},"author":2,"featured_media":21175,"comment_status":"closed","ping_status":"closed","sticky":false,"template":"","format":"standard","meta":{"footnotes":""},"categories":[42],"tags":[3589,3590],"class_list":["post-21174","post","type-post","status-publish","format-standard","has-post-thumbnail","hentry","category-policiales","tag-doble-femicidio","tag-rodriguez-laurta","wpcat-42-id"],"_links":{"self":[{"href":"https:\/\/labitacoraradio.com.ar\/web\/index.php?rest_route=\/wp\/v2\/posts\/21174","targetHints":{"allow":["GET"]}}],"collection":[{"href":"https:\/\/labitacoraradio.com.ar\/web\/index.php?rest_route=\/wp\/v2\/posts"}],"about":[{"href":"https:\/\/labitacoraradio.com.ar\/web\/index.php?rest_route=\/wp\/v2\/types\/post"}],"author":[{"embeddable":true,"href":"https:\/\/labitacoraradio.com.ar\/web\/index.php?rest_route=\/wp\/v2\/users\/2"}],"replies":[{"embeddable":true,"href":"https:\/\/labitacoraradio.com.ar\/web\/index.php?rest_route=%2Fwp%2Fv2%2Fcomments&post=21174"}],"version-history":[{"count":1,"href":"https:\/\/labitacoraradio.com.ar\/web\/index.php?rest_route=\/wp\/v2\/posts\/21174\/revisions"}],"predecessor-version":[{"id":21176,"href":"https:\/\/labitacoraradio.com.ar\/web\/index.php?rest_route=\/wp\/v2\/posts\/21174\/revisions\/21176"}],"wp:featuredmedia":[{"embeddable":true,"href":"https:\/\/labitacoraradio.com.ar\/web\/index.php?rest_route=\/wp\/v2\/media\/21175"}],"wp:attachment":[{"href":"https:\/\/labitacoraradio.com.ar\/web\/index.php?rest_route=%2Fwp%2Fv2%2Fmedia&parent=21174"}],"wp:term":[{"taxonomy":"category","embeddable":true,"href":"https:\/\/labitacoraradio.com.ar\/web\/index.php?rest_route=%2Fwp%2Fv2%2Fcategories&post=21174"},{"taxonomy":"post_tag","embeddable":true,"href":"https:\/\/labitacoraradio.com.ar\/web\/index.php?rest_route=%2Fwp%2Fv2%2Ftags&post=21174"}],"curies":[{"name":"wp","href":"https:\/\/api.w.org\/{rel}","templated":true}]}}