{"id":21177,"date":"2025-10-10T23:59:06","date_gmt":"2025-10-10T23:59:06","guid":{"rendered":"https:\/\/labitacoraradio.com.ar\/web\/?p=21177"},"modified":"2025-10-13T00:01:41","modified_gmt":"2025-10-13T00:01:41","slug":"encuentro-federal-de-cambio-climatico-posiciono-a-entre-rios-en-la-agenda-ambiental-nacional","status":"publish","type":"post","link":"https:\/\/labitacoraradio.com.ar\/web\/?p=21177","title":{"rendered":"Encuentro Federal de Cambio Clim\u00e1tico posicion\u00f3 a Entre R\u00edos en la agenda ambiental nacional"},"content":{"rendered":"\n<p class=\"has-medium-font-size\">El Encuentro Federal Camino a la COP30se realiz\u00f3 en Paran\u00e1, lo que consolid\u00f3 a Entre R\u00edos como protagonista del principal espacio de articulaci\u00f3n de la agenda clim\u00e1tica a nivel subnacional: la Alianza Verde Argentina. Este espacio es compartido por las provincias de C\u00f3rdoba, La Pampa, Misiones, Jujuy y Santa Fe.<\/p>\n\n\n\n<p class=\"has-medium-font-size\">La cumbre reuni\u00f3 a gobiernos provinciales, figuras de la cooperaci\u00f3n internacional, incluyendo a la delegaci\u00f3n de la Uni\u00f3n Europea y GIZ Argentina, el sector bancario y la academia. El evento gener\u00f3 un marco estrat\u00e9gico clave de cara a la pr\u00f3xima Conferencia de las Partes (COP30) en Bel\u00e9m, Brasil.<\/p>\n\n\n\n<p class=\"has-medium-font-size\">La apertura oficial cont\u00f3 con la participaci\u00f3n de la vicegobernadora Alicia Aluani, el ministro de Desarrollo Econ\u00f3mico, Guillermo Bernaudo, y la secretaria de Ambiente, Rosa Hojman. Tambi\u00e9n estuvieron presentes el presidente de Fundaci\u00f3n Banco de Bosques, Pedro Friedich, y se sumaron de manera virtual el presidente designado de la COP30, Andr\u00e8 Corr\u00eaa do Lago, el embajador de Brasil en Argentina, Julio Glintternick Bitelli, y Christian Asinelli, vicepresidente corporativo de Programaci\u00f3n Financiera del Banco de Desarrollo de Am\u00e9rica Latina y el Caribe (CAF).<\/p>\n\n\n\n<p class=\"has-medium-font-size\">El debate se enfoc\u00f3 en temas cruciales, desde la transici\u00f3n justa y la promoci\u00f3n de la bioeconom\u00eda hasta los desaf\u00edos que presenta el acceso al financiamiento para los territorios. Organismos como el CFI, ICLEI, GIZ y expertos del Banco Mundial, junto a distintas empresas privadas, debatieron sobre las Soluciones Basadas en la Naturaleza y las urgentes necesidades de inversi\u00f3n. Referentes del Grupo Petersen, Genesis y BYMA discutieron el rol de la banca y los mercados de carbono en la agenda de la sostenibilidad.<\/p>\n\n\n\n<p class=\"has-medium-font-size\">Las provincias participantes firmaron la Declaraci\u00f3n de Paran\u00e1, un acuerdo program\u00e1tico que consolid\u00f3 el concepto de federalismo clim\u00e1tico en Argentina. Este documento reafirm\u00f3 el compromiso de los gobiernos subnacionales de actuar con \u00abuna sola voz en la COP30\u201d y de impulsar canales directos de acceso al financiamiento internacional, incluyendo los fondos de P\u00e9rdidas y Da\u00f1os y el Fondo Verde del Clima.<\/p>\n\n\n\n<p class=\"has-medium-font-size\">El compromiso del gobierno provincial se materializ\u00f3 con la firma de dos convenios considerados estrat\u00e9gicos para garantizar la continuidad de la agenda de sostenibilidad. Por un lado, se suscribi\u00f3 un acuerdo con el Banco de Entre R\u00edos y su Fundaci\u00f3n para promover el desarrollo sostenible y la educaci\u00f3n ambiental en el marco de la Alianza B. Por el otro, se formaliz\u00f3 un convenio con el Proyecto DOS.BIO para evaluar la instalaci\u00f3n de cuatro plantas de biog\u00e1s, con el objetivo de producir energ\u00eda renovable a partir de desechos av\u00edcolas. Este acuerdo busca inyectar el biometano en los gasoductos de Gasnea, proyectando a Entre R\u00edos como un polo de BioGNL y econom\u00eda circular.<\/p>\n\n\n\n<p class=\"has-medium-font-size\">La ceremonia de cierre, que cont\u00f3 con la presencia de Hojman, el secretario de Ambiente y Desarrollo Sustentable de San Luis y titular del Cofema, Federico Cacace, y la diputada provincial y presidenta de la Comisi\u00f3n de Asuntos Municipales Mar\u00eda Elena Romero, enfatiz\u00f3 la voluntad de continuidad de los acuerdos. Las autoridades coincidieron en que es imperativo \u00abseguir fortaleciendo los espacios conjuntos de articulaci\u00f3n federal\u201d, para que el compromiso de los gobiernos subnacionales obtuviera el impacto que la agenda global requer\u00eda.<\/p>\n\n\n\n<p><em>(Fuentes: Varias)<\/em><\/p>\n","protected":false},"excerpt":{"rendered":"<p>El Encuentro Federal Camino a la COP30se realiz\u00f3 en Paran\u00e1,&#8230;<\/p>\n","protected":false},"author":2,"featured_media":21178,"comment_status":"closed","ping_status":"closed","sticky":false,"template":"","format":"standard","meta":{"footnotes":""},"categories":[1772],"tags":[3592,3591],"class_list":["post-21177","post","type-post","status-publish","format-standard","has-post-thumbnail","hentry","category-ambiente","tag-cop30","tag-encuentro-federal-de-cambio-climatico","wpcat-1772-id"],"_links":{"self":[{"href":"https:\/\/labitacoraradio.com.ar\/web\/index.php?rest_route=\/wp\/v2\/posts\/21177","targetHints":{"allow":["GET"]}}],"collection":[{"href":"https:\/\/labitacoraradio.com.ar\/web\/index.php?rest_route=\/wp\/v2\/posts"}],"about":[{"href":"https:\/\/labitacoraradio.com.ar\/web\/index.php?rest_route=\/wp\/v2\/types\/post"}],"author":[{"embeddable":true,"href":"https:\/\/labitacoraradio.com.ar\/web\/index.php?rest_route=\/wp\/v2\/users\/2"}],"replies":[{"embeddable":true,"href":"https:\/\/labitacoraradio.com.ar\/web\/index.php?rest_route=%2Fwp%2Fv2%2Fcomments&post=21177"}],"version-history":[{"count":1,"href":"https:\/\/labitacoraradio.com.ar\/web\/index.php?rest_route=\/wp\/v2\/posts\/21177\/revisions"}],"predecessor-version":[{"id":21179,"href":"https:\/\/labitacoraradio.com.ar\/web\/index.php?rest_route=\/wp\/v2\/posts\/21177\/revisions\/21179"}],"wp:featuredmedia":[{"embeddable":true,"href":"https:\/\/labitacoraradio.com.ar\/web\/index.php?rest_route=\/wp\/v2\/media\/21178"}],"wp:attachment":[{"href":"https:\/\/labitacoraradio.com.ar\/web\/index.php?rest_route=%2Fwp%2Fv2%2Fmedia&parent=21177"}],"wp:term":[{"taxonomy":"category","embeddable":true,"href":"https:\/\/labitacoraradio.com.ar\/web\/index.php?rest_route=%2Fwp%2Fv2%2Fcategories&post=21177"},{"taxonomy":"post_tag","embeddable":true,"href":"https:\/\/labitacoraradio.com.ar\/web\/index.php?rest_route=%2Fwp%2Fv2%2Ftags&post=21177"}],"curies":[{"name":"wp","href":"https:\/\/api.w.org\/{rel}","templated":true}]}}