{"id":21180,"date":"2025-10-13T00:08:08","date_gmt":"2025-10-13T00:08:08","guid":{"rendered":"https:\/\/labitacoraradio.com.ar\/web\/?p=21180"},"modified":"2025-10-13T00:08:09","modified_gmt":"2025-10-13T00:08:09","slug":"la-camara-nacional-electoral-debe-definir-si-se-reimprimen-o-no-las-boletas-con-la-foto-de-santilli","status":"publish","type":"post","link":"https:\/\/labitacoraradio.com.ar\/web\/?p=21180","title":{"rendered":"La C\u00e1mara Nacional Electoral debe definir si se reimprimen o no las boletas con la foto de Santilli"},"content":{"rendered":"\n<p class=\"has-medium-font-size\">La Junta Electoral bonaerense y el fiscal electoral aseguraron que no est\u00e1n dadas las condiciones para volver a imprimir las n\u00f3minas de La Libertad Avanza.<\/p>\n\n\n\n<p class=\"has-medium-font-size\">Por el momento, la Junta Electoral bonaerense, a cargo de la Dra. Hilda Kogan, y el fiscal electoral Ramiro Gonz\u00e1lez aseguraron que no est\u00e1n dadas las condiciones para volverlas a imprimir, en referencia al poco tiempo que falta para que comiencen las elecciones nacionales y la log\u00edstica que se debe tener en cuenta, adem\u00e1s del dinero que implicar\u00eda el proceso.<\/p>\n\n\n\n<p class=\"has-medium-font-size\">Esta discusi\u00f3n tom\u00f3 relevancia cuando, horas atr\u00e1s, la Justicia decidi\u00f3 que Santilli sea finalmente quien tome el lugar del ex candidato libertario Jos\u00e9 Luis Espert, que adem\u00e1s de renunciar a su candidatura, luego de que se demostrara su v\u00ednculo con el empresario acusado por narcotr\u00e1fico Federico Machado, solicit\u00f3 licencia en el Congreso hasta el pr\u00f3ximo 8 de diciembre.<\/p>\n\n\n\n<p class=\"has-medium-font-size\">Seg\u00fan el dictamen que se difundi\u00f3, la Junta Electoral de la provicia \u201crequiri\u00f3\u201d al Ministerio del Interior \u201cque informe el costo estimado de una eventual reimpresi\u00f3n de la totalidad de las Boletas \u00danicas Papel (BUP) del distrito; la existencia o no de partida presupuestaria habilitada para afrontar dicho gasto; si resultar\u00eda necesario un nuevo proceso licitatorio para su ejecuci\u00f3n; las imprentas eventualmente asignadas y el procedimiento aplicable y los plazos de impresi\u00f3n y la fecha posible de entrega del material a esta Junta\u201d.<\/p>\n\n\n\n<p class=\"has-medium-font-size\">Por otra parte, todos los actores competentes que se oponen a la reimpresi\u00f3n de boletas sostienen que no hay tiempo material ni condiciones log\u00edsticas para volver a realizar el proceso con 12 millones de BUP. Paralelamente, el fiscal Gonz\u00e1lez reafirm\u00f3 que, adem\u00e1s, se tiene que tener en cuenta el encuadernado, escaneo, control y distribuci\u00f3n de los materiales.<\/p>\n\n\n\n<p class=\"has-medium-font-size\">Otro de los puntos fundamentales que ponen en duda la reimpresi\u00f3n de las boletas es el gasto que implicar\u00eda, ya que ser\u00edan m\u00e1s de $12.000 millones, adem\u00e1s de ser \u201cmaterialmente imposible\u201d, como asegur\u00f3 la Junta Electoral bonaerense, y \u201ccontradecir\u201d los plazos y etapas perentorias \u201cfijadas por la ley electoral\u201d.<\/p>\n\n\n\n<p><em>(Fuente: NA)<\/em><\/p>\n","protected":false},"excerpt":{"rendered":"<p>La Junta Electoral bonaerense y el fiscal electoral aseguraron que&#8230;<\/p>\n","protected":false},"author":2,"featured_media":21181,"comment_status":"closed","ping_status":"closed","sticky":false,"template":"","format":"standard","meta":{"footnotes":""},"categories":[1],"tags":[3588],"class_list":["post-21180","post","type-post","status-publish","format-standard","has-post-thumbnail","hentry","category-politica","tag-elecciones-legislativas","wpcat-1-id"],"_links":{"self":[{"href":"https:\/\/labitacoraradio.com.ar\/web\/index.php?rest_route=\/wp\/v2\/posts\/21180","targetHints":{"allow":["GET"]}}],"collection":[{"href":"https:\/\/labitacoraradio.com.ar\/web\/index.php?rest_route=\/wp\/v2\/posts"}],"about":[{"href":"https:\/\/labitacoraradio.com.ar\/web\/index.php?rest_route=\/wp\/v2\/types\/post"}],"author":[{"embeddable":true,"href":"https:\/\/labitacoraradio.com.ar\/web\/index.php?rest_route=\/wp\/v2\/users\/2"}],"replies":[{"embeddable":true,"href":"https:\/\/labitacoraradio.com.ar\/web\/index.php?rest_route=%2Fwp%2Fv2%2Fcomments&post=21180"}],"version-history":[{"count":1,"href":"https:\/\/labitacoraradio.com.ar\/web\/index.php?rest_route=\/wp\/v2\/posts\/21180\/revisions"}],"predecessor-version":[{"id":21182,"href":"https:\/\/labitacoraradio.com.ar\/web\/index.php?rest_route=\/wp\/v2\/posts\/21180\/revisions\/21182"}],"wp:featuredmedia":[{"embeddable":true,"href":"https:\/\/labitacoraradio.com.ar\/web\/index.php?rest_route=\/wp\/v2\/media\/21181"}],"wp:attachment":[{"href":"https:\/\/labitacoraradio.com.ar\/web\/index.php?rest_route=%2Fwp%2Fv2%2Fmedia&parent=21180"}],"wp:term":[{"taxonomy":"category","embeddable":true,"href":"https:\/\/labitacoraradio.com.ar\/web\/index.php?rest_route=%2Fwp%2Fv2%2Fcategories&post=21180"},{"taxonomy":"post_tag","embeddable":true,"href":"https:\/\/labitacoraradio.com.ar\/web\/index.php?rest_route=%2Fwp%2Fv2%2Ftags&post=21180"}],"curies":[{"name":"wp","href":"https:\/\/api.w.org\/{rel}","templated":true}]}}