{"id":21183,"date":"2025-10-13T00:12:32","date_gmt":"2025-10-13T00:12:32","guid":{"rendered":"https:\/\/labitacoraradio.com.ar\/web\/?p=21183"},"modified":"2025-10-13T00:12:34","modified_gmt":"2025-10-13T00:12:34","slug":"milei-viaja-a-estados-unidos-para-la-bilateral-con-donald-trump","status":"publish","type":"post","link":"https:\/\/labitacoraradio.com.ar\/web\/?p=21183","title":{"rendered":"Milei viaja a Estados Unidos para la bilateral con Donald Trump"},"content":{"rendered":"\n<p class=\"has-medium-font-size\">El presidente Javier Milei viajar\u00e1 nuevamente a Estados Unidos este lunes 13 de octubre para, entre otras actividades, reencontrarse con su par norteamericano Donald Trump y dialogar sobre un posible respaldo financiero a nuestro pa\u00eds.<\/p>\n\n\n\n<p class=\"has-medium-font-size\">El mandatario argentino llegar\u00e1, en un vuelo especial, a la ciudad de Washington, donde arribar\u00e1 a las 23 despu\u00e9s de abordar su vuelo desde Buenos Aires a las 15. Alrededor de la 1.50 (hora argentina), ya en el comienzo del martes, ingresar\u00e1 a la Blair House, la residencia oficial que alberga a los invitados del presidente de Estados Unidos.<\/p>\n\n\n\n<p class=\"has-medium-font-size\">Para el mediod\u00eda, se espera que Milei concrete su visita a la Casa Blanca, donde saludar\u00e1 a Trump -quien acaba de viajar rumbo a Egipto donde participar\u00e1 de una reuni\u00f3n clave para alcanzar la paz en Oriente Medio- y se llevar\u00e1 a cabo la firma del libro de honor. Posteriormente, se realizar\u00e1 la reuni\u00f3n bilateral entre ambos mandatarios. Ser\u00e1 un encuentro clave, a solo dos semanas de que se realicen las elecciones legislativas en la Argentina.<\/p>\n\n\n\n<p class=\"has-medium-font-size\">A las 12.45. se brindar\u00e1 el almuerzo de trabajo en honor al l\u00edder libertario, del que participar\u00e1n las comitivas argentina y estadounidense. Una hora despu\u00e9s, finalizar\u00e1 el encuentro con la despedida formal a Milei, a cargo del jefe de Estado anfitri\u00f3n.<\/p>\n\n\n\n<p class=\"has-medium-font-size\">Por el momento, qued\u00f3 en confirmarse la participaci\u00f3n del jefe de Estado argentino, a las 17., en la ceremonia de homenaje a Charlie Kirk, el activista pol\u00edtico de derecha asesinado de un disparo, el pasado 10 de septiembre.<\/p>\n\n\n\n<p class=\"has-medium-font-size\">Posteriormente, Milei tambi\u00e9n estar\u00e1 presente en la firma del Libro de Visitas de la Blair House y se fotografiar\u00e1 con el personal de la Casa de Hu\u00e9spedes, pero a\u00fan no fue confirmado el horario de esta actividad.<\/p>\n\n\n\n<p class=\"has-medium-font-size\">Su visita culminar\u00e1 a las 22 cuando tome el vuelo especial que lo traer\u00e1 de regreso a la Argentina. Se espera que el Presidente llegue a la Ciudad de Buenos Aires el mi\u00e9rcoles a las 8.<\/p>\n\n\n\n<p><em>(Fuente: Perfil)<\/em><\/p>\n","protected":false},"excerpt":{"rendered":"<p>El presidente Javier Milei viajar\u00e1 nuevamente a Estados Unidos este&#8230;<\/p>\n","protected":false},"author":2,"featured_media":20778,"comment_status":"closed","ping_status":"closed","sticky":false,"template":"","format":"standard","meta":{"footnotes":""},"categories":[1],"tags":[2167,1766],"class_list":["post-21183","post","type-post","status-publish","format-standard","has-post-thumbnail","hentry","category-politica","tag-donald-trump","tag-javier-milei","wpcat-1-id"],"_links":{"self":[{"href":"https:\/\/labitacoraradio.com.ar\/web\/index.php?rest_route=\/wp\/v2\/posts\/21183","targetHints":{"allow":["GET"]}}],"collection":[{"href":"https:\/\/labitacoraradio.com.ar\/web\/index.php?rest_route=\/wp\/v2\/posts"}],"about":[{"href":"https:\/\/labitacoraradio.com.ar\/web\/index.php?rest_route=\/wp\/v2\/types\/post"}],"author":[{"embeddable":true,"href":"https:\/\/labitacoraradio.com.ar\/web\/index.php?rest_route=\/wp\/v2\/users\/2"}],"replies":[{"embeddable":true,"href":"https:\/\/labitacoraradio.com.ar\/web\/index.php?rest_route=%2Fwp%2Fv2%2Fcomments&post=21183"}],"version-history":[{"count":1,"href":"https:\/\/labitacoraradio.com.ar\/web\/index.php?rest_route=\/wp\/v2\/posts\/21183\/revisions"}],"predecessor-version":[{"id":21184,"href":"https:\/\/labitacoraradio.com.ar\/web\/index.php?rest_route=\/wp\/v2\/posts\/21183\/revisions\/21184"}],"wp:featuredmedia":[{"embeddable":true,"href":"https:\/\/labitacoraradio.com.ar\/web\/index.php?rest_route=\/wp\/v2\/media\/20778"}],"wp:attachment":[{"href":"https:\/\/labitacoraradio.com.ar\/web\/index.php?rest_route=%2Fwp%2Fv2%2Fmedia&parent=21183"}],"wp:term":[{"taxonomy":"category","embeddable":true,"href":"https:\/\/labitacoraradio.com.ar\/web\/index.php?rest_route=%2Fwp%2Fv2%2Fcategories&post=21183"},{"taxonomy":"post_tag","embeddable":true,"href":"https:\/\/labitacoraradio.com.ar\/web\/index.php?rest_route=%2Fwp%2Fv2%2Ftags&post=21183"}],"curies":[{"name":"wp","href":"https:\/\/api.w.org\/{rel}","templated":true}]}}