{"id":21188,"date":"2025-10-13T02:50:00","date_gmt":"2025-10-13T02:50:00","guid":{"rendered":"https:\/\/labitacoraradio.com.ar\/web\/?p=21188"},"modified":"2025-10-13T10:55:27","modified_gmt":"2025-10-13T10:55:27","slug":"docentes-entrerrianos-se-plegaron-al-paro-nacional","status":"publish","type":"post","link":"https:\/\/labitacoraradio.com.ar\/web\/?p=21188","title":{"rendered":"Docentes entrerrianos se plegaron al paro nacional"},"content":{"rendered":"\n<p class=\"has-medium-font-size\">Los gremios docentes de Entre R\u00edos concretaron su adhesi\u00f3n al paro nacional convocado para este martes 14 de octubre, en el marco de una Jornada Nacional de Lucha que incluy\u00f3 movilizaciones y reclamos. <\/p>\n\n\n\n<p class=\"has-medium-font-size\">La Asociaci\u00f3n Gremial del Magisterio de Entre R\u00edos (Agmer) y la Asociaci\u00f3n del Magisterio de la Ense\u00f1anza T\u00e9cnica (AMET) de la provincia confirmaron su participaci\u00f3n en la medida de fuerza.<\/p>\n\n\n\n<p class=\"has-medium-font-size\">El Paro Nacional Docente con movilizaci\u00f3n constituy\u00f3 el punto central del plan de acci\u00f3n definido la semana pasada por la Confederaci\u00f3n de Trabajadores de la Educaci\u00f3n de la Rep\u00fablica Argentina (Ctera), con la adhesi\u00f3n de Agmer.<\/p>\n\n\n\n<h2 class=\"wp-block-heading\">AGMER<\/h2>\n\n\n\n<p class=\"has-medium-font-size\">Agmer moviliz\u00f3 a los maestros de Entre R\u00edos para solicitar un incremento del presupuesto destinado a la mejora de la infraestructura escolar y para la consecuci\u00f3n de \u00abmejores salarios y jubilaciones dignas para las y los trabajadores de la educaci\u00f3n\u00bb, seg\u00fan manifestaron desde el gremio. La entidad ratific\u00f3 su compromiso con la defensa de la educaci\u00f3n p\u00fablica e inst\u00f3 a las autoridades a \u00abrevertir los recortes y asegurar los fondos necesarios para garantizar condiciones dignas para ense\u00f1ar y aprender\u00bb.<\/p>\n\n\n\n<h2 class=\"wp-block-heading\">AMET<\/h2>\n\n\n\n<p class=\"has-medium-font-size\">Por su parte, la Asociaci\u00f3n del Magisterio de la Ense\u00f1anza T\u00e9cnica (AMET) de Entre R\u00edos tambi\u00e9n resolvi\u00f3 un Plan de Lucha que incluy\u00f3 la paralizaci\u00f3n de actividades. Esta medida fue tomada tras un Congreso provincial extraordinario realizado el jueves pasado, en rechazo a la decisi\u00f3n del gobierno nacional de derogar el art\u00edculo 52 de la Ley de Educaci\u00f3n T\u00e9cnico Profesional N\u00b0 26.058, el cual establece la creaci\u00f3n del Fondo Nacional para la Educaci\u00f3n T\u00e9cnico Profesional (FN-ETP) en el proyecto de Presupuesto 2026.<\/p>\n\n\n\n<p class=\"has-medium-font-size\">El secretario General de AMET Entre R\u00edos, Andr\u00e9s Besel, inform\u00f3 a APFDigital que la seccional de Entre R\u00edos tuvo representaci\u00f3n en la movilizaci\u00f3n que se llev\u00f3 a cabo el martes en la Ciudad Aut\u00f3noma de Buenos Aires. Besel anticip\u00f3 que las acciones de protesta continuar\u00edan el mi\u00e9rcoles con una jornada de \u201cesclarecimiento y concientizaci\u00f3n\u201d sobre el desfinanciamiento total a las ETP de la Argentina.<\/p>\n\n\n\n<p class=\"has-medium-font-size\">\u00abSe van a pedir audiencias y entrevistas con los legisladores nacionales y hasta con el gobernador para llevar el documento donde m\u00e1s de mil docentes de escuelas t\u00e9cnicas y agrot\u00e9cnicas y de formaci\u00f3n profesional elaboraron para que no se apruebe porque destruir\u00eda el presente y el futuro de las escuelas\u201d, afirm\u00f3 el dirigente a la mencionada agencia.<\/p>\n\n\n\n<p class=\"has-medium-font-size\">El gremio de las escuelas t\u00e9cnicas adem\u00e1s particip\u00f3 del 1er Foro Provincial de la Educaci\u00f3n T\u00e9cnico Profesional el jueves 16 de octubre, y adelant\u00f3 que llevar\u00e1 adelante una movilizaci\u00f3n al Congreso de la Naci\u00f3n en el momento en que se debata el Proyecto de Ley de Presupuesto.<\/p>\n\n\n\n<p><em>(Fuente: APF)<\/em><\/p>\n","protected":false},"excerpt":{"rendered":"<p>Los gremios docentes de Entre R\u00edos concretaron su adhesi\u00f3n al&#8230;<\/p>\n","protected":false},"author":2,"featured_media":16063,"comment_status":"closed","ping_status":"closed","sticky":false,"template":"","format":"standard","meta":{"footnotes":""},"categories":[14,19],"tags":[2584],"class_list":["post-21188","post","type-post","status-publish","format-standard","has-post-thumbnail","hentry","category-educacion","category-gremiales","tag-paro-docentes","wpcat-14-id","wpcat-19-id"],"_links":{"self":[{"href":"https:\/\/labitacoraradio.com.ar\/web\/index.php?rest_route=\/wp\/v2\/posts\/21188","targetHints":{"allow":["GET"]}}],"collection":[{"href":"https:\/\/labitacoraradio.com.ar\/web\/index.php?rest_route=\/wp\/v2\/posts"}],"about":[{"href":"https:\/\/labitacoraradio.com.ar\/web\/index.php?rest_route=\/wp\/v2\/types\/post"}],"author":[{"embeddable":true,"href":"https:\/\/labitacoraradio.com.ar\/web\/index.php?rest_route=\/wp\/v2\/users\/2"}],"replies":[{"embeddable":true,"href":"https:\/\/labitacoraradio.com.ar\/web\/index.php?rest_route=%2Fwp%2Fv2%2Fcomments&post=21188"}],"version-history":[{"count":1,"href":"https:\/\/labitacoraradio.com.ar\/web\/index.php?rest_route=\/wp\/v2\/posts\/21188\/revisions"}],"predecessor-version":[{"id":21189,"href":"https:\/\/labitacoraradio.com.ar\/web\/index.php?rest_route=\/wp\/v2\/posts\/21188\/revisions\/21189"}],"wp:featuredmedia":[{"embeddable":true,"href":"https:\/\/labitacoraradio.com.ar\/web\/index.php?rest_route=\/wp\/v2\/media\/16063"}],"wp:attachment":[{"href":"https:\/\/labitacoraradio.com.ar\/web\/index.php?rest_route=%2Fwp%2Fv2%2Fmedia&parent=21188"}],"wp:term":[{"taxonomy":"category","embeddable":true,"href":"https:\/\/labitacoraradio.com.ar\/web\/index.php?rest_route=%2Fwp%2Fv2%2Fcategories&post=21188"},{"taxonomy":"post_tag","embeddable":true,"href":"https:\/\/labitacoraradio.com.ar\/web\/index.php?rest_route=%2Fwp%2Fv2%2Ftags&post=21188"}],"curies":[{"name":"wp","href":"https:\/\/api.w.org\/{rel}","templated":true}]}}