{"id":21194,"date":"2025-10-20T00:07:00","date_gmt":"2025-10-20T00:07:00","guid":{"rendered":"https:\/\/labitacoraradio.com.ar\/web\/?p=21194"},"modified":"2025-10-20T12:11:26","modified_gmt":"2025-10-20T12:11:26","slug":"dia-de-la-madre-2025-ventas-minoristas-cayeron-35-real-y-acumulan-cuatro-anos-de-baja","status":"publish","type":"post","link":"https:\/\/labitacoraradio.com.ar\/web\/?p=21194","title":{"rendered":"D\u00eda de la Madre 2025: Ventas minoristas cayeron 3,5% real y acumulan cuatro a\u00f1os de baja"},"content":{"rendered":"\n<p class=\"has-medium-font-size\">Las ventas en los comercios minoristas pymes durante el D\u00eda de la Madre 2025 mostraron una nueva retracci\u00f3n del consumo, al registrar una ca\u00edda del 3,5% frente al mismo per\u00edodo del a\u00f1o anterior, seg\u00fan mediciones a precios constantes. Esta baja marca el cuarto descenso interanual consecutivo, reflejando el impacto del deterioro del poder de compra de los hogares y la dificultad de la fecha para impulsar significativamente el consumo minorista.<\/p>\n\n\n\n<p class=\"has-medium-font-size\">El informe sectorial detall\u00f3 que el ticket promedio de compra alcanz\u00f3 los $37.124, lo que represent\u00f3 un incremento nominal del 9,8% en comparaci\u00f3n con los $33.819 de 2024. Sin embargo, al ajustar por la inflaci\u00f3n, la variaci\u00f3n real result\u00f3 ser negativa en 16,7%, lo que indica que las familias en general destinaron una menor cantidad de dinero que en el a\u00f1o anterior para la celebraci\u00f3n.<\/p>\n\n\n\n<p class=\"has-medium-font-size\">A pesar de que el 83,5% de los comercios implement\u00f3 descuentos, promociones y opciones de cuotas sin inter\u00e9s, las ventas no lograron repuntar en t\u00e9rminos reales. La amplia adopci\u00f3n de estrategias comerciales, como reintegros bancarios, ofertas cruzadas y financiaci\u00f3n extendida, permiti\u00f3 sostener el movimiento en algunos rubros, pero no se tradujo en un aumento efectivo del consumo.<\/p>\n\n\n\n<p class=\"has-medium-font-size\">\u201cEl p\u00fablico prioriz\u00f3 productos de menor valor y compras mucho m\u00e1s planificadas. Se busc\u00f3 la oferta y la financiaci\u00f3n antes que cualquier otra cosa\u201d, sostuvo el presidente de la C\u00e1mara de Comercio de Paran\u00e1, Juan Carlos Ram\u00edrez. A su vez, una comerciante del rubro indumentaria, Marta G\u00f3mez, expres\u00f3: \u201cLas ventas sirven para mover stock, pero no dejan la rentabilidad que uno esperar\u00eda en una fecha clave como esta. Estamos operando casi a costo con muchas promociones\u201d.<\/p>\n\n\n\n<p class=\"has-medium-font-size\">El resultado general reflej\u00f3 una p\u00e9rdida de poder adquisitivo y un contexto en el que el gasto de los hogares contin\u00faa condicionado por la restricci\u00f3n del ingreso real.<\/p>\n\n\n\n<p class=\"has-medium-font-size\"><strong>An\u00e1lisis de rubros:<\/strong> Electrodom\u00e9sticos fue la excepci\u00f3n a la baja general<br>En la comparaci\u00f3n a precios constantes entre el D\u00eda de la Madre 2024 y 2025, cinco de los seis rubros relevados registraron ca\u00eddas interanuales en sus ventas reales. La mayor retracci\u00f3n ocurri\u00f3 en Librer\u00eda, que se contrajo un 6,3% frente al a\u00f1o pasado.<\/p>\n\n\n\n<p class=\"has-medium-font-size\">El \u00fanico sector que logr\u00f3 un desempe\u00f1o positivo fue Electrodom\u00e9sticos, artefactos de hogar y equipos de audio y video, con una suba interanual real del 0,6%. Este crecimiento fue impulsado por la buena disponibilidad de productos y la aplicaci\u00f3n de estrategias de precios m\u00e1s competitivas, adem\u00e1s de la incidencia del adelanto del pago del bono provincial en algunas zonas, seg\u00fan fuentes del sector. \u201cLa financiaci\u00f3n con tarjetas fue clave. Aunque los m\u00e1rgenes son bajos por los costos, la gente sigue comprando si puede pagar en cuotas sin inter\u00e9s\u201d, coment\u00f3 un gerente de una cadena de electrodom\u00e9sticos en Santa Fe.<\/p>\n\n\n\n<p class=\"has-medium-font-size\"><strong>Otros rubros mostraron las siguientes variaciones reales:<\/strong><\/p>\n\n\n\n<p class=\"has-medium-font-size\">Cosm\u00e9ticos y perfumer\u00eda registr\u00f3 una ca\u00edda del 5,6%, consolidando la tendencia descendente observada el a\u00f1o anterior.<\/p>\n\n\n\n<p class=\"has-medium-font-size\">Indumentaria descendi\u00f3 un 3,3%, con ventas concentradas en productos de menor valor y en promociones que redujeron la rentabilidad.<\/p>\n\n\n\n<p class=\"has-medium-font-size\">Equipos perif\u00e9ricos, accesorios y celulares cay\u00f3 un 3,2%, aunque logr\u00f3 moderar el fuerte descenso de 2024.<\/p>\n\n\n\n<p class=\"has-medium-font-size\">Calzado y marroquiner\u00eda tuvo una de las bajas menores, con un 1,9%, mostrando cierta estabilidad dentro del contexto general de retracci\u00f3n.<\/p>\n\n\n\n<p class=\"has-medium-font-size\">Los datos arrojaron que el 41,7% de los comercios se\u00f1al\u00f3 que las ventas se ubicaron en niveles similares a los esperados, mientras que un 35% registr\u00f3 resultados inferiores y cerca del 23% logr\u00f3 superar sus previsiones. En conjunto, el desempe\u00f1o fue considerado moderado, sin grandes sorpresas, en l\u00ednea con un escenario de consumo contenido. La fecha mantuvo su relevancia comercial, pero sin un impulso significativo que revirtiera la tendencia general de contracci\u00f3n.<\/p>\n\n\n\n<p><em>(Fuente: CAME)<\/em><\/p>\n","protected":false},"excerpt":{"rendered":"<p>Las ventas en los comercios minoristas pymes durante el D\u00eda&#8230;<\/p>\n","protected":false},"author":2,"featured_media":21195,"comment_status":"closed","ping_status":"closed","sticky":false,"template":"","format":"standard","meta":{"footnotes":""},"categories":[943],"tags":[3594],"class_list":["post-21194","post","type-post","status-publish","format-standard","has-post-thumbnail","hentry","category-comercio","tag-dia-de-la-madre","wpcat-943-id"],"_links":{"self":[{"href":"https:\/\/labitacoraradio.com.ar\/web\/index.php?rest_route=\/wp\/v2\/posts\/21194","targetHints":{"allow":["GET"]}}],"collection":[{"href":"https:\/\/labitacoraradio.com.ar\/web\/index.php?rest_route=\/wp\/v2\/posts"}],"about":[{"href":"https:\/\/labitacoraradio.com.ar\/web\/index.php?rest_route=\/wp\/v2\/types\/post"}],"author":[{"embeddable":true,"href":"https:\/\/labitacoraradio.com.ar\/web\/index.php?rest_route=\/wp\/v2\/users\/2"}],"replies":[{"embeddable":true,"href":"https:\/\/labitacoraradio.com.ar\/web\/index.php?rest_route=%2Fwp%2Fv2%2Fcomments&post=21194"}],"version-history":[{"count":1,"href":"https:\/\/labitacoraradio.com.ar\/web\/index.php?rest_route=\/wp\/v2\/posts\/21194\/revisions"}],"predecessor-version":[{"id":21196,"href":"https:\/\/labitacoraradio.com.ar\/web\/index.php?rest_route=\/wp\/v2\/posts\/21194\/revisions\/21196"}],"wp:featuredmedia":[{"embeddable":true,"href":"https:\/\/labitacoraradio.com.ar\/web\/index.php?rest_route=\/wp\/v2\/media\/21195"}],"wp:attachment":[{"href":"https:\/\/labitacoraradio.com.ar\/web\/index.php?rest_route=%2Fwp%2Fv2%2Fmedia&parent=21194"}],"wp:term":[{"taxonomy":"category","embeddable":true,"href":"https:\/\/labitacoraradio.com.ar\/web\/index.php?rest_route=%2Fwp%2Fv2%2Fcategories&post=21194"},{"taxonomy":"post_tag","embeddable":true,"href":"https:\/\/labitacoraradio.com.ar\/web\/index.php?rest_route=%2Fwp%2Fv2%2Ftags&post=21194"}],"curies":[{"name":"wp","href":"https:\/\/api.w.org\/{rel}","templated":true}]}}