{"id":21197,"date":"2025-10-17T12:13:15","date_gmt":"2025-10-17T12:13:15","guid":{"rendered":"https:\/\/labitacoraradio.com.ar\/web\/?p=21197"},"modified":"2025-10-20T12:14:45","modified_gmt":"2025-10-20T12:14:45","slug":"realizaran-una-jornada-de-trabajo-y-capacitacion-para-jueces-juezas-y-funcionarios-de-la-justicia-de-faltas","status":"publish","type":"post","link":"https:\/\/labitacoraradio.com.ar\/web\/?p=21197","title":{"rendered":"Realizar\u00e1n una jornada de trabajo y capacitaci\u00f3n para jueces, juezas y funcionarios de la justicia de faltas"},"content":{"rendered":"\n<p class=\"has-medium-font-size\">Se encuentran abiertas las inscripciones hasta el 10 de noviembre para participar de la Jornada de Trabajo y Capacitaci\u00f3n, dirigida a jueces, juezas y funcionarios de la justicia de faltas de la provincia de Entre R\u00edos.<\/p>\n\n\n\n<p class=\"has-medium-font-size\">La Municipalidad de Paran\u00e1 llevar\u00e1 a cabo una capacitaci\u00f3n el viernes 28 de noviembre, a las 9 hs, en el Sal\u00f3n Mariano Moreno del Honorable Concejo Deliberante de Paran\u00e1, en calle Corrientes y Andr\u00e9s Pazos.<\/p>\n\n\n\n<p class=\"has-medium-font-size\">Ser\u00e1 un espacio de formaci\u00f3n, intercambio de experiencias y fortalecimiento institucional. Los interesados en participar tienen tiempo para inscribirse hasta el 10 de noviembre a trav\u00e9s<\/p>\n\n\n\n<p><em>(Fuente: Municipalidad de Paran\u00e1)<\/em><\/p>\n","protected":false},"excerpt":{"rendered":"<p>Se encuentran abiertas las inscripciones hasta el 10 de noviembre&#8230;<\/p>\n","protected":false},"author":2,"featured_media":21198,"comment_status":"closed","ping_status":"closed","sticky":false,"template":"","format":"standard","meta":{"footnotes":""},"categories":[2336],"tags":[3245],"class_list":["post-21197","post","type-post","status-publish","format-standard","has-post-thumbnail","hentry","category-barralateral","tag-justicia-de-faltas","wpcat-2336-id"],"_links":{"self":[{"href":"https:\/\/labitacoraradio.com.ar\/web\/index.php?rest_route=\/wp\/v2\/posts\/21197","targetHints":{"allow":["GET"]}}],"collection":[{"href":"https:\/\/labitacoraradio.com.ar\/web\/index.php?rest_route=\/wp\/v2\/posts"}],"about":[{"href":"https:\/\/labitacoraradio.com.ar\/web\/index.php?rest_route=\/wp\/v2\/types\/post"}],"author":[{"embeddable":true,"href":"https:\/\/labitacoraradio.com.ar\/web\/index.php?rest_route=\/wp\/v2\/users\/2"}],"replies":[{"embeddable":true,"href":"https:\/\/labitacoraradio.com.ar\/web\/index.php?rest_route=%2Fwp%2Fv2%2Fcomments&post=21197"}],"version-history":[{"count":1,"href":"https:\/\/labitacoraradio.com.ar\/web\/index.php?rest_route=\/wp\/v2\/posts\/21197\/revisions"}],"predecessor-version":[{"id":21199,"href":"https:\/\/labitacoraradio.com.ar\/web\/index.php?rest_route=\/wp\/v2\/posts\/21197\/revisions\/21199"}],"wp:featuredmedia":[{"embeddable":true,"href":"https:\/\/labitacoraradio.com.ar\/web\/index.php?rest_route=\/wp\/v2\/media\/21198"}],"wp:attachment":[{"href":"https:\/\/labitacoraradio.com.ar\/web\/index.php?rest_route=%2Fwp%2Fv2%2Fmedia&parent=21197"}],"wp:term":[{"taxonomy":"category","embeddable":true,"href":"https:\/\/labitacoraradio.com.ar\/web\/index.php?rest_route=%2Fwp%2Fv2%2Fcategories&post=21197"},{"taxonomy":"post_tag","embeddable":true,"href":"https:\/\/labitacoraradio.com.ar\/web\/index.php?rest_route=%2Fwp%2Fv2%2Ftags&post=21197"}],"curies":[{"name":"wp","href":"https:\/\/api.w.org\/{rel}","templated":true}]}}