{"id":21218,"date":"2025-10-20T12:48:47","date_gmt":"2025-10-20T12:48:47","guid":{"rendered":"https:\/\/labitacoraradio.com.ar\/web\/?p=21218"},"modified":"2025-10-20T12:48:49","modified_gmt":"2025-10-20T12:48:49","slug":"doble-femicidio-trasladaron-a-pablo-rodriguez-laurta-de-gualeguaychu-a-cordoba-para-responder-por-los-crimenes","status":"publish","type":"post","link":"https:\/\/labitacoraradio.com.ar\/web\/?p=21218","title":{"rendered":"Doble Femicidio: Trasladaron a Pablo Rodr\u00edguez Laurta de Gualeguaych\u00fa a C\u00f3rdoba para responder por los cr\u00edmenes"},"content":{"rendered":"\n<p class=\"has-medium-font-size\">Pablo Rodr\u00edguez Laurta, principal acusado por el doble femicidio de Luna Giardina y su madre, Mariel Zamudio, fue trasladado desde la Unidad Penal 9 \u201cEl Potrero\u201d de Gualeguaych\u00fa hacia la provincia de C\u00f3rdoba. El operativo de seguridad se llev\u00f3 a cabo en la noche del domingo 19 de octubre, y tuvo como objetivo poner al imputado a disposici\u00f3n de la Fiscal\u00eda de G\u00e9nero cordobesa, que requiri\u00f3 su presencia para avanzar en la causa.<\/p>\n\n\n\n<p class=\"has-medium-font-size\">El traslado se concret\u00f3 a las 22:25, luego de varias horas de coordinaci\u00f3n entre las autoridades judiciales y policiales de ambas provincias, junto a la de Santa Fe. Laurta permanecer\u00e1 bajo custodia en un penal de la provincia de C\u00f3rdoba mientras se desarrolla la investigaci\u00f3n en su contra por el doble crimen. Se anticip\u00f3 que en las pr\u00f3ximas horas ser\u00eda sometido a una nueva audiencia imputativa para notificarle formalmente los cargos que pesan en su contra.<\/p>\n\n\n\n<p class=\"has-medium-font-size\"><strong>Operativo de seguridad y custodia interprovincial<\/strong><\/p>\n\n\n\n<p class=\"has-medium-font-size\">La movilizaci\u00f3n del acusado se ejecut\u00f3 con un amplio dispositivo de seguridad. En el operativo participaron m\u00f3viles de la Jefatura Departamental de Gualeguaych\u00fa, la Divisi\u00f3n Homicidios, el Grupo Especial ETER y efectivos de la Polic\u00eda de C\u00f3rdoba.<\/p>\n\n\n\n<p class=\"has-medium-font-size\">La comitiva parti\u00f3 desde la Unidad Penal de Gualeguaych\u00fa a las 22:25. Atraves\u00f3 el territorio entrerriano por Gualeguay y Victoria, y fue escoltada hasta el puente Rosario-Victoria, punto donde la polic\u00eda santafesina tom\u00f3 intervenci\u00f3n en la custodia.<\/p>\n\n\n\n<p class=\"has-medium-font-size\">Finalmente, el imputado fue entregado a una unidad de la provincia de C\u00f3rdoba que complet\u00f3 la escolta hasta el penal de destino. Las autoridades confirmaron que el viaje se desarroll\u00f3 sin incidentes y Pablo Rodr\u00edguez Laurta fue trasladado a C\u00f3rdoba durante la madrugada de este lunes.<\/p>\n\n\n\n<p class=\"has-medium-font-size\"><strong>Causas abiertas en Entre R\u00edos y C\u00f3rdoba<\/strong><\/p>\n\n\n\n<p class=\"has-medium-font-size\">Rodr\u00edguez Laurta ya hab\u00eda permanecido detenido en la UP9 de Gualeguaych\u00fa desde el viernes, tras ser trasladado desde Concordia. En esa localidad, el acusado se hab\u00eda negado a declarar en la causa por el homicidio del remisero Mart\u00edn Palacio, a quien habr\u00eda asesinado antes de intentar huir. En el penal de Gualeguaych\u00fa, fue alojado en una celda de m\u00e1xima seguridad bajo vigilancia permanente y r\u00e9gimen de aislamiento.<\/p>\n\n\n\n<p class=\"has-medium-font-size\">En Entre R\u00edos, el hombre enfrenta cargos por el homicidio calificado criminis causa, con prisi\u00f3n preventiva por el plazo de cuatro meses. En C\u00f3rdoba, la Justicia lo requiere para responder por el doble femicidio de su expareja y su exsuegra.<\/p>\n\n\n\n<p class=\"has-medium-font-size\">La fiscal Daniela Montagnie, a cargo de la causa entrerriana, sostuvo p\u00fablicamente que el acusado \u201cest\u00e1 l\u00facido y consciente de sus actos\u201d, lo que ratifica su imputabilidad.<\/p>\n\n\n\n<p><em>(Fuente: APF)<\/em><\/p>\n","protected":false},"excerpt":{"rendered":"<p>Pablo Rodr\u00edguez Laurta, principal acusado por el doble femicidio de&#8230;<\/p>\n","protected":false},"author":2,"featured_media":21219,"comment_status":"closed","ping_status":"closed","sticky":false,"template":"","format":"standard","meta":{"footnotes":""},"categories":[1],"tags":[],"class_list":["post-21218","post","type-post","status-publish","format-standard","has-post-thumbnail","hentry","category-politica","wpcat-1-id"],"_links":{"self":[{"href":"https:\/\/labitacoraradio.com.ar\/web\/index.php?rest_route=\/wp\/v2\/posts\/21218","targetHints":{"allow":["GET"]}}],"collection":[{"href":"https:\/\/labitacoraradio.com.ar\/web\/index.php?rest_route=\/wp\/v2\/posts"}],"about":[{"href":"https:\/\/labitacoraradio.com.ar\/web\/index.php?rest_route=\/wp\/v2\/types\/post"}],"author":[{"embeddable":true,"href":"https:\/\/labitacoraradio.com.ar\/web\/index.php?rest_route=\/wp\/v2\/users\/2"}],"replies":[{"embeddable":true,"href":"https:\/\/labitacoraradio.com.ar\/web\/index.php?rest_route=%2Fwp%2Fv2%2Fcomments&post=21218"}],"version-history":[{"count":1,"href":"https:\/\/labitacoraradio.com.ar\/web\/index.php?rest_route=\/wp\/v2\/posts\/21218\/revisions"}],"predecessor-version":[{"id":21220,"href":"https:\/\/labitacoraradio.com.ar\/web\/index.php?rest_route=\/wp\/v2\/posts\/21218\/revisions\/21220"}],"wp:featuredmedia":[{"embeddable":true,"href":"https:\/\/labitacoraradio.com.ar\/web\/index.php?rest_route=\/wp\/v2\/media\/21219"}],"wp:attachment":[{"href":"https:\/\/labitacoraradio.com.ar\/web\/index.php?rest_route=%2Fwp%2Fv2%2Fmedia&parent=21218"}],"wp:term":[{"taxonomy":"category","embeddable":true,"href":"https:\/\/labitacoraradio.com.ar\/web\/index.php?rest_route=%2Fwp%2Fv2%2Fcategories&post=21218"},{"taxonomy":"post_tag","embeddable":true,"href":"https:\/\/labitacoraradio.com.ar\/web\/index.php?rest_route=%2Fwp%2Fv2%2Ftags&post=21218"}],"curies":[{"name":"wp","href":"https:\/\/api.w.org\/{rel}","templated":true}]}}