{"id":21224,"date":"2025-10-20T00:54:00","date_gmt":"2025-10-20T00:54:00","guid":{"rendered":"https:\/\/labitacoraradio.com.ar\/web\/?p=21224"},"modified":"2025-10-20T12:57:05","modified_gmt":"2025-10-20T12:57:05","slug":"la-uner-se-sumo-a-una-accion-judicial-colectiva-nacional-para-exigir-la-aplicacion-de-la-ley-de-financiamiento-universitario","status":"publish","type":"post","link":"https:\/\/labitacoraradio.com.ar\/web\/?p=21224","title":{"rendered":"La UNER se sum\u00f3 a una acci\u00f3n judicial colectiva nacional para exigir la aplicaci\u00f3n de la Ley de Financiamiento Universitario"},"content":{"rendered":"\n<p class=\"has-medium-font-size\">La Universidad Nacional de Entre R\u00edos (UNER) confirm\u00f3 su participaci\u00f3n en una acci\u00f3n judicial colectiva a nivel nacional, la cual fue impulsada por el Consejo Interuniversitario Nacional (CIN). El objetivo de esta presentaci\u00f3n es demandar la promulgaci\u00f3n, ejecuci\u00f3n y plena vigencia de la Ley N\u00b0 27.795 de Financiamiento de la Educaci\u00f3n Universitaria y Recomposici\u00f3n del Salario. A la decisi\u00f3n de la universidad se adhirieron tambi\u00e9n los gremios docentes y nodocentes.<\/p>\n\n\n\n<p class=\"has-medium-font-size\">La decisi\u00f3n de la universidad se formaliz\u00f3 mediante la Resoluci\u00f3n 280\/25 del Consejo Superior. En el documento, la casa de estudios ratific\u00f3 el \u201cestado de asamblea permanente del cuerpo ante la situaci\u00f3n de crisis presupuestaria y salarial provocada por las pol\u00edticas sostenidas desde el gobierno nacional\u201d.<\/p>\n\n\n\n<p class=\"has-medium-font-size\">Tanto la Asociaci\u00f3n Gremial de Docentes Universitarios (AGDU) como la Asociaci\u00f3n del Personal de la UNER (Apuner) informaron de manera oficial que adhirieron a esta acci\u00f3n judicial, sumando el reclamo de los trabajadores al pedido institucional.<\/p>\n\n\n\n<p class=\"has-medium-font-size\"><strong>Conflicto institucional por el veto y la ratificaci\u00f3n<\/strong><\/p>\n\n\n\n<p class=\"has-medium-font-size\">La Ley N\u00b0 27.795, que busca garantizar la protecci\u00f3n y el sostenimiento del financiamiento de las universidades p\u00fablicas, fue sancionada por amplia mayor\u00eda en el Congreso Nacional, pero posteriormente el Poder Ejecutivo la vet\u00f3. Ante esa acci\u00f3n, el Poder Legislativo la ratific\u00f3, tambi\u00e9n por amplia mayor\u00eda.<\/p>\n\n\n\n<p class=\"has-medium-font-size\">Sin embargo, el Consejo Superior de la UNER advirti\u00f3 en su Resoluci\u00f3n que el Gobierno nacional manifest\u00f3 en diversas oportunidades su intenci\u00f3n de \u201cno respetar la decisi\u00f3n soberana del Poder Legislativo, evitando promulgar y ejecutar la ley sancionada, incumpliendo de esta forma lo dispuesto en el marco del normal funcionamiento de las instituciones de la Rep\u00fablica\u201d.<\/p>\n\n\n\n<p class=\"has-medium-font-size\">La UNER remarc\u00f3 la gravedad del contexto. Se\u00f1al\u00f3 que \u201cla acuciante situaci\u00f3n presupuestaria y salarial que atraviesan las universidades nacionales pone en crisis incluso sus funciones m\u00e1s b\u00e1sicas de docencia, investigaci\u00f3n y extensi\u00f3n, as\u00ed como el sostenimiento de las pol\u00edticas de bienestar estudiantil y desarrollo territorial\u201d.<\/p>\n\n\n\n<p class=\"has-medium-font-size\">El Consejo Superior subray\u00f3 que la Ley de Financiamiento Universitario ofrece \u201cuna respuesta responsable que garantiza la protecci\u00f3n, el sostenimiento del financiamiento de las universidades p\u00fablicas y la recomposici\u00f3n salarial de las y los trabajadores docentes y nodocentes\u201d, lo que garantiza \u201cla previsibilidad, sustentabilidad y equidad en el sostenimiento del sistema p\u00fablico de educaci\u00f3n superior\u201d.<\/p>\n\n\n\n<p class=\"has-medium-font-size\">La UNER anunci\u00f3 que, ante el escenario actual, y tras agotar las instancias previas: \u201cAgotadas todas las instancias de di\u00e1logo y de llamado a la reflexi\u00f3n, es necesario avanzar en la presentaci\u00f3n de una acci\u00f3n judicial colectiva impulsada por las universidades nacionales en conjunto con las asociaciones gremiales y estudiantiles, coordinada por el CIN\u201d, seg\u00fan se lee en la Resoluci\u00f3n 280\/25.<\/p>\n\n\n\n<p class=\"has-medium-font-size\">Por su parte, el CIN hab\u00eda expuesto d\u00edas atr\u00e1s: \u201cAcudimos dos veces al Congreso por su competencia en materia presupuestaria y la sociedad argentina se manifest\u00f3 en tres oportunidades de manera conmovedora en apoyo a este reclamo. Por eso, solicitamos ahora al Poder Ejecutivo Nacional que, en cumplimiento de su responsabilidad y de los plazos legales establecidos, promulgue y ejecute este instrumento que garantiza la reparaci\u00f3n tan necesaria\u201d.<\/p>\n\n\n\n<p><em>(Fuentes: Varias)<\/em><\/p>\n","protected":false},"excerpt":{"rendered":"<p>La Universidad Nacional de Entre R\u00edos (UNER) confirm\u00f3 su participaci\u00f3n&#8230;<\/p>\n","protected":false},"author":2,"featured_media":21225,"comment_status":"closed","ping_status":"closed","sticky":false,"template":"","format":"standard","meta":{"footnotes":""},"categories":[2171],"tags":[3157],"class_list":["post-21224","post","type-post","status-publish","format-standard","has-post-thumbnail","hentry","category-universidades","tag-financiamiento-universitario","wpcat-2171-id"],"_links":{"self":[{"href":"https:\/\/labitacoraradio.com.ar\/web\/index.php?rest_route=\/wp\/v2\/posts\/21224","targetHints":{"allow":["GET"]}}],"collection":[{"href":"https:\/\/labitacoraradio.com.ar\/web\/index.php?rest_route=\/wp\/v2\/posts"}],"about":[{"href":"https:\/\/labitacoraradio.com.ar\/web\/index.php?rest_route=\/wp\/v2\/types\/post"}],"author":[{"embeddable":true,"href":"https:\/\/labitacoraradio.com.ar\/web\/index.php?rest_route=\/wp\/v2\/users\/2"}],"replies":[{"embeddable":true,"href":"https:\/\/labitacoraradio.com.ar\/web\/index.php?rest_route=%2Fwp%2Fv2%2Fcomments&post=21224"}],"version-history":[{"count":1,"href":"https:\/\/labitacoraradio.com.ar\/web\/index.php?rest_route=\/wp\/v2\/posts\/21224\/revisions"}],"predecessor-version":[{"id":21226,"href":"https:\/\/labitacoraradio.com.ar\/web\/index.php?rest_route=\/wp\/v2\/posts\/21224\/revisions\/21226"}],"wp:featuredmedia":[{"embeddable":true,"href":"https:\/\/labitacoraradio.com.ar\/web\/index.php?rest_route=\/wp\/v2\/media\/21225"}],"wp:attachment":[{"href":"https:\/\/labitacoraradio.com.ar\/web\/index.php?rest_route=%2Fwp%2Fv2%2Fmedia&parent=21224"}],"wp:term":[{"taxonomy":"category","embeddable":true,"href":"https:\/\/labitacoraradio.com.ar\/web\/index.php?rest_route=%2Fwp%2Fv2%2Fcategories&post=21224"},{"taxonomy":"post_tag","embeddable":true,"href":"https:\/\/labitacoraradio.com.ar\/web\/index.php?rest_route=%2Fwp%2Fv2%2Ftags&post=21224"}],"curies":[{"name":"wp","href":"https:\/\/api.w.org\/{rel}","templated":true}]}}