{"id":21318,"date":"2025-11-20T22:46:00","date_gmt":"2025-11-20T22:46:00","guid":{"rendered":"https:\/\/labitacoraradio.com.ar\/web\/?p=21318"},"modified":"2025-11-21T10:48:30","modified_gmt":"2025-11-21T10:48:30","slug":"se-habilito-el-ingreso-al-parque-industrial-por-miguel-david","status":"publish","type":"post","link":"https:\/\/labitacoraradio.com.ar\/web\/?p=21318","title":{"rendered":"Se habilit\u00f3 el ingreso al Parque Industrial por Miguel David"},"content":{"rendered":"\n<p class=\"has-medium-font-size\">La intendenta Rosario Romero recorri\u00f3 la obra concluida de recomposici\u00f3n de la calzada y ensanche del principal ingreso y egreso al complejo industrial de Paran\u00e1. La obra se enmarca en el reinicio de los trabajos del ingreso sureste de la ciudad por Circunvalaci\u00f3n\/Ruta 12.<\/p>\n\n\n\n<p class=\"has-medium-font-size\">La Municipalidad habilit\u00f3 el ingreso\/egreso del Parque Industrial por calle Miguel David tras la finalizaci\u00f3n de las obras de ensanche y recuperaci\u00f3n de la calzada. Los trabajos respondieron a una demanda de las empresas radicadas en el complejo para asegurar un paso seguro tanto de camiones y veh\u00edculos que transitan por la zona diariamente.<\/p>\n\n\n\n<p class=\"has-medium-font-size\">\u201cCuando se dej\u00f3 de hacer la obra de Circunvalaci\u00f3n, esta arteria comenz\u00f3 a presentar muchas complicaciones, teniendo en cuenta que es un ingreso muy importante para la ciudad. Ahora la finalizamos con fondos 100% paranaenses y ya comenzamos con la obra sobre la Ruta 12, que esperamos que dentro de un a\u00f1o genere un gran beneficio para todos\u201d, expres\u00f3 Rosario Romero.<\/p>\n\n\n\n<p class=\"has-medium-font-size\">La recuperaci\u00f3n de calle Miguel David, entre Salellas y Bonell, consisti\u00f3 en la adecuaci\u00f3n de la base, construcci\u00f3n del conducto pluvial y optimizaci\u00f3n de la ca\u00f1er\u00eda de agua que cruza por debajo de la Circunvalaci\u00f3n. Tambi\u00e9n se realiz\u00f3 la ampliaci\u00f3n del radio de giro en hormig\u00f3n en la intersecci\u00f3n de Salellas. Adem\u00e1s, se instalaron luminarias en el marco del plan 100% Led.<\/p>\n\n\n\n<p class=\"has-medium-font-size\">Esta intervenci\u00f3n permite que \u201cel acceso o salida del Parque Industrial se puede hacer de manera segura, ya que la trama vial presentaba un importante deterioro\u201d, se\u00f1al\u00f3 el secretario de Planificaci\u00f3n e Infraestructura, Eduardo Lor\u00e9fice.<\/p>\n\n\n\n<p><em>(Fuente: Municipalidad de Paran\u00e1)<\/em><\/p>\n","protected":false},"excerpt":{"rendered":"<p>La intendenta Rosario Romero recorri\u00f3 la obra concluida de recomposici\u00f3n&#8230;<\/p>\n","protected":false},"author":2,"featured_media":21319,"comment_status":"closed","ping_status":"closed","sticky":false,"template":"","format":"standard","meta":{"footnotes":""},"categories":[31],"tags":[147],"class_list":["post-21318","post","type-post","status-publish","format-standard","has-post-thumbnail","hentry","category-obras-publicas","tag-parque-industrial","wpcat-31-id"],"_links":{"self":[{"href":"https:\/\/labitacoraradio.com.ar\/web\/index.php?rest_route=\/wp\/v2\/posts\/21318","targetHints":{"allow":["GET"]}}],"collection":[{"href":"https:\/\/labitacoraradio.com.ar\/web\/index.php?rest_route=\/wp\/v2\/posts"}],"about":[{"href":"https:\/\/labitacoraradio.com.ar\/web\/index.php?rest_route=\/wp\/v2\/types\/post"}],"author":[{"embeddable":true,"href":"https:\/\/labitacoraradio.com.ar\/web\/index.php?rest_route=\/wp\/v2\/users\/2"}],"replies":[{"embeddable":true,"href":"https:\/\/labitacoraradio.com.ar\/web\/index.php?rest_route=%2Fwp%2Fv2%2Fcomments&post=21318"}],"version-history":[{"count":1,"href":"https:\/\/labitacoraradio.com.ar\/web\/index.php?rest_route=\/wp\/v2\/posts\/21318\/revisions"}],"predecessor-version":[{"id":21320,"href":"https:\/\/labitacoraradio.com.ar\/web\/index.php?rest_route=\/wp\/v2\/posts\/21318\/revisions\/21320"}],"wp:featuredmedia":[{"embeddable":true,"href":"https:\/\/labitacoraradio.com.ar\/web\/index.php?rest_route=\/wp\/v2\/media\/21319"}],"wp:attachment":[{"href":"https:\/\/labitacoraradio.com.ar\/web\/index.php?rest_route=%2Fwp%2Fv2%2Fmedia&parent=21318"}],"wp:term":[{"taxonomy":"category","embeddable":true,"href":"https:\/\/labitacoraradio.com.ar\/web\/index.php?rest_route=%2Fwp%2Fv2%2Fcategories&post=21318"},{"taxonomy":"post_tag","embeddable":true,"href":"https:\/\/labitacoraradio.com.ar\/web\/index.php?rest_route=%2Fwp%2Fv2%2Ftags&post=21318"}],"curies":[{"name":"wp","href":"https:\/\/api.w.org\/{rel}","templated":true}]}}