{"id":21346,"date":"2025-11-23T00:46:33","date_gmt":"2025-11-23T00:46:33","guid":{"rendered":"https:\/\/labitacoraradio.com.ar\/web\/?p=21346"},"modified":"2025-11-25T00:52:13","modified_gmt":"2025-11-25T00:52:13","slug":"por-primera-vez-un-militar-sera-ministro-de-defensa-desde-el-regreso-de-la-democracia","status":"publish","type":"post","link":"https:\/\/labitacoraradio.com.ar\/web\/?p=21346","title":{"rendered":"Por primera vez un militar ser\u00e1 ministro de Defensa desde el regreso de la democracia"},"content":{"rendered":"\n<p class=\"has-medium-font-size\">Fuentes cercanas al oficialismo indican que la figura de Karina Milei fue determinante para la elecci\u00f3n de un perfil castrense.<\/p>\n\n\n\n<p class=\"has-medium-font-size\">A partir del 10 de diciembre, el Teniente General Carlos Presti reemplazar\u00e1 a Luis Petri, mientras que Alejandra Monteoliva suceder\u00e1 a Patricia Bullrich. Las designaciones marcan un cambio hist\u00f3rico en la conducci\u00f3n de las Fuerzas Armadas y la continuidad de la doctrina en Seguridad.<\/p>\n\n\n\n<p class=\"has-medium-font-size\">El Gobierno oficializ\u00f3 este viernes los nombres de los funcionarios que asumir\u00e1n la conducci\u00f3n de los ministerios de Seguridad y Defensa a partir del pr\u00f3ximo 10 de diciembre. La decisi\u00f3n implica un hito en la historia pol\u00edtica reciente, dado que la cartera de Defensa volver\u00e1 a ser encabezada por una figura de carrera militar tras m\u00e1s de cuatro d\u00e9cadas de conducci\u00f3n civil.<\/p>\n\n\n\n<h2 class=\"wp-block-heading has-medium-font-size\">Cambio de paradigma en Defensa<\/h2>\n\n\n\n<p class=\"has-medium-font-size\">El actual Jefe del Estado Mayor del Ej\u00e9rcito, Teniente General Carlos Alberto Presti, fue el elegido para suceder al ministro saliente, Luis Petri. Seg\u00fan comunic\u00f3 el Ejecutivo, la designaci\u00f3n de Presti representa la primera vez desde el regreso de la democracia que una persona con \u00abintachable carrera militar\u00bb y del m\u00e1ximo rango en su escalaf\u00f3n liderar\u00e1 el ministerio encargado de la defensa nacional.<\/p>\n\n\n\n<p class=\"has-medium-font-size\">El comunicado oficial subraya la intenci\u00f3n de \u00abdar por finalizada la demonizaci\u00f3n de nuestros oficiales, suboficiales y soldados\u00bb. Si bien Petri hab\u00eda impulsado otras opciones para su sucesi\u00f3n \u2014entre ellas su jefa de gabinete, Luciana Carrasco, y el diputado provincial Gustavo Cairo\u2014, fuentes cercanas al oficialismo indican que la figura de Karina Milei fue determinante para la elecci\u00f3n de un perfil castrense.<\/p>\n\n\n\n<p class=\"has-medium-font-size\">Luis Petri celebr\u00f3 p\u00fablicamente la decisi\u00f3n en sus redes sociales, destacando la capacidad y lealtad de Presti, y augurando una gesti\u00f3n exitosa en la continuidad de las reformas impulsadas por el presidente Javier Milei, incluyendo la modernizaci\u00f3n con los aviones F-16 y el control fronterizo.<\/p>\n\n\n\n<p class=\"has-medium-font-size\">Desaf\u00edos y reordenamiento interno La asunci\u00f3n de Presti plantea un escenario in\u00e9dito en la jerarqu\u00eda castrense. Al pasar de la jefatura del Ej\u00e9rcito al cargo pol\u00edtico de ministro, se convierte en el superior directo del brigadier general Xavier Isaac, actual Jefe del Estado Mayor Conjunto. Fuentes del sector anticipan posibles relevos en la c\u00fapula de las fuerzas, dado que la vacante que deja Presti en el Ej\u00e9rcito obligar\u00e1 a designar un nuevo general.<\/p>\n\n\n\n<p class=\"has-medium-font-size\">En t\u00e9rminos de gesti\u00f3n, el nuevo ministro deber\u00e1 enfrentar una agenda compleja marcada por la crisis en la obra social de las fuerzas (IOSFA), los reclamos salariales y la necesidad de optimizaci\u00f3n de recursos.<\/p>\n\n\n\n<h2 class=\"wp-block-heading has-medium-font-size\">Continuidad en Seguridad<\/h2>\n\n\n\n<p class=\"has-medium-font-size\">En la cartera de Seguridad, Patricia Bullrich logr\u00f3 asegurar la continuidad de su gesti\u00f3n al imponer a su actual n\u00famero dos, Alejandra Monteoliva, como su sucesora. Bullrich, quien asumir\u00e1 una banca en el Senado el 10 de diciembre, destac\u00f3 a Monteoliva como una \u00abpieza fundamental\u00bb de la estrategia actual.<\/p>\n\n\n\n<p class=\"has-medium-font-size\">El gobierno ratific\u00f3 el rumbo mediante un comunicado que describe a la futura ministra como garante de la \u00ablucha frontal contra el narcoterrorismo y las organizaciones criminales\u00bb, as\u00ed como del mantenimiento del orden p\u00fablico. Bullrich agradeci\u00f3 al presidente Milei por sostener lo que defini\u00f3 como la \u00ab\u00fanica doctrina que orden\u00f3 a la Argentina: mano dura y reglas claras\u00bb.<\/p>\n\n\n\n<p><em>(Fuente: LPO)<\/em><\/p>\n\n\n\n<p><\/p>\n","protected":false},"excerpt":{"rendered":"<p>Fuentes cercanas al oficialismo indican que la figura de Karina&#8230;<\/p>\n","protected":false},"author":2,"featured_media":21347,"comment_status":"closed","ping_status":"closed","sticky":false,"template":"","format":"standard","meta":{"footnotes":""},"categories":[30],"tags":[3310],"class_list":["post-21346","post","type-post","status-publish","format-standard","has-post-thumbnail","hentry","category-gobierno","tag-defensa","wpcat-30-id"],"_links":{"self":[{"href":"https:\/\/labitacoraradio.com.ar\/web\/index.php?rest_route=\/wp\/v2\/posts\/21346","targetHints":{"allow":["GET"]}}],"collection":[{"href":"https:\/\/labitacoraradio.com.ar\/web\/index.php?rest_route=\/wp\/v2\/posts"}],"about":[{"href":"https:\/\/labitacoraradio.com.ar\/web\/index.php?rest_route=\/wp\/v2\/types\/post"}],"author":[{"embeddable":true,"href":"https:\/\/labitacoraradio.com.ar\/web\/index.php?rest_route=\/wp\/v2\/users\/2"}],"replies":[{"embeddable":true,"href":"https:\/\/labitacoraradio.com.ar\/web\/index.php?rest_route=%2Fwp%2Fv2%2Fcomments&post=21346"}],"version-history":[{"count":1,"href":"https:\/\/labitacoraradio.com.ar\/web\/index.php?rest_route=\/wp\/v2\/posts\/21346\/revisions"}],"predecessor-version":[{"id":21348,"href":"https:\/\/labitacoraradio.com.ar\/web\/index.php?rest_route=\/wp\/v2\/posts\/21346\/revisions\/21348"}],"wp:featuredmedia":[{"embeddable":true,"href":"https:\/\/labitacoraradio.com.ar\/web\/index.php?rest_route=\/wp\/v2\/media\/21347"}],"wp:attachment":[{"href":"https:\/\/labitacoraradio.com.ar\/web\/index.php?rest_route=%2Fwp%2Fv2%2Fmedia&parent=21346"}],"wp:term":[{"taxonomy":"category","embeddable":true,"href":"https:\/\/labitacoraradio.com.ar\/web\/index.php?rest_route=%2Fwp%2Fv2%2Fcategories&post=21346"},{"taxonomy":"post_tag","embeddable":true,"href":"https:\/\/labitacoraradio.com.ar\/web\/index.php?rest_route=%2Fwp%2Fv2%2Ftags&post=21346"}],"curies":[{"name":"wp","href":"https:\/\/api.w.org\/{rel}","templated":true}]}}