{"id":21361,"date":"2025-11-25T11:50:35","date_gmt":"2025-11-25T11:50:35","guid":{"rendered":"https:\/\/labitacoraradio.com.ar\/web\/?p=21361"},"modified":"2025-11-25T11:50:37","modified_gmt":"2025-11-25T11:50:37","slug":"vence-la-adhesion-al-plan-de-facilidades-de-pago-de-ater","status":"publish","type":"post","link":"https:\/\/labitacoraradio.com.ar\/web\/?p=21361","title":{"rendered":"Vence la adhesi\u00f3n al plan de Facilidades de Pago de ATER"},"content":{"rendered":"\n<p class=\"has-medium-font-size\"><br>La Administradora Tributaria de Entre R\u00edos (ATER) recuerda que durante el mes en curso rige la tercera y \u00faltima etapa del plan Especial de Facilidades de Pago 2025. Esta iniciativa, impulsada por el gobierno provincial para aliviar y acompa\u00f1ar a las y los contribuyentes, finalizar\u00e1 indefectiblemente el 30 de noviembre de 2025.<\/p>\n\n\n\n<p class=\"has-medium-font-size\">\u00daltimos d\u00edas para adherir al plan de Facilidades de Pago de ATER<br>Se insta a las y los contribuyentes a no demorar su adhesi\u00f3n y aprovechar los \u00faltimos d\u00edas para regularizar su situaci\u00f3n tributaria con importantes beneficios. El r\u00e9gimen especial ofrece la oportunidad excepcional de poner al d\u00eda las obligaciones adeudadas de todos los tributos provinciales, cuyos vencimientos hubieran operado hasta el 30 de junio de 2025.<\/p>\n\n\n\n<h1 class=\"wp-block-heading has-medium-font-size\">Beneficios<\/h1>\n\n\n\n<p class=\"has-medium-font-size\">Si el o la contribuyente se acoge en esta \u00faltima etapa (Etapa 3, del 1 al 30 de noviembre) , podr\u00e1 acceder a las siguientes opciones de pago y condonaciones en deudas generales:<\/p>\n\n\n\n<p class=\"has-medium-font-size\">Pago al contado: 60 por ciento de condonaci\u00f3n de multas y 60 por ciento de intereses.<br>3 Cuotas: 40 por ciento de condonaci\u00f3n en multas y 50 por ciento en intereses. Requiere un anticipo del 20 por ciento y una cuota m\u00ednima de 200.000 pesos.<br>5 Cuotas: 20 por ciento de condonaci\u00f3n en multas y 30 por ciento en intereses. Requiere un anticipo del 25 por ciento y una cuota m\u00ednima de 250.000 pesos.<br>Desde ATER indicaron que \u00absi bien los mayores beneficios se aplicaron en las primeras etapas, los porcentajes de condonaci\u00f3n de multas e intereses en noviembre siguen siendo muy ventajosos. Es fundamental no esperar a \u00faltimo momento para aprovechar estas condiciones especiales\u00bb.<\/p>\n\n\n\n<h1 class=\"wp-block-heading has-medium-font-size\">Requisitos y modalidad de adhesi\u00f3n<\/h1>\n\n\n\n<p class=\"has-medium-font-size\">Para acceder a los beneficios del plan se deber\u00e1n cumplir con los siguientes requisitos:<\/p>\n\n\n\n<p class=\"has-medium-font-size\">Estar adheridos a la Boleta Digital.<br>Haber cancelado las obligaciones con vencimiento posterior al 30 de junio de 2025, correspondiente a los imponibles que pretenden regularizar.<br>La modalidad general obligatoria de acogimiento es v\u00eda web, ingresando con Clave Fiscal a trav\u00e9s del sitio oficial de ARCA, en la secci\u00f3n \u00abServicios de ATER\u00bb.<\/p>\n\n\n\n<h3 class=\"wp-block-heading\">Contacto<\/h3>\n\n\n\n<p class=\"has-medium-font-size\">Tel\u00e9fono: 0810-888-2837, de lunes a viernes, de 8 a 13 hs.<br>Correo electr\u00f3nico: consultas@ater.gob.ar.<br>Sitio web oficial: www.ater.gob.ar, disponible las 24 horas.<br>Atenci\u00f3n presencial: En las oficinas y receptor\u00edas de ATER en toda la provincia.<\/p>\n\n\n\n<p><em>(Fuente: Gobierno de Entre R\u00edos)<\/em><\/p>\n","protected":false},"excerpt":{"rendered":"<p>La Administradora Tributaria de Entre R\u00edos (ATER) recuerda que durante&#8230;<\/p>\n","protected":false},"author":2,"featured_media":21362,"comment_status":"closed","ping_status":"closed","sticky":false,"template":"","format":"standard","meta":{"footnotes":""},"categories":[2336,25],"tags":[281],"class_list":["post-21361","post","type-post","status-publish","format-standard","has-post-thumbnail","hentry","category-barralateral","category-tributarias","tag-ater","wpcat-2336-id","wpcat-25-id"],"_links":{"self":[{"href":"https:\/\/labitacoraradio.com.ar\/web\/index.php?rest_route=\/wp\/v2\/posts\/21361","targetHints":{"allow":["GET"]}}],"collection":[{"href":"https:\/\/labitacoraradio.com.ar\/web\/index.php?rest_route=\/wp\/v2\/posts"}],"about":[{"href":"https:\/\/labitacoraradio.com.ar\/web\/index.php?rest_route=\/wp\/v2\/types\/post"}],"author":[{"embeddable":true,"href":"https:\/\/labitacoraradio.com.ar\/web\/index.php?rest_route=\/wp\/v2\/users\/2"}],"replies":[{"embeddable":true,"href":"https:\/\/labitacoraradio.com.ar\/web\/index.php?rest_route=%2Fwp%2Fv2%2Fcomments&post=21361"}],"version-history":[{"count":1,"href":"https:\/\/labitacoraradio.com.ar\/web\/index.php?rest_route=\/wp\/v2\/posts\/21361\/revisions"}],"predecessor-version":[{"id":21363,"href":"https:\/\/labitacoraradio.com.ar\/web\/index.php?rest_route=\/wp\/v2\/posts\/21361\/revisions\/21363"}],"wp:featuredmedia":[{"embeddable":true,"href":"https:\/\/labitacoraradio.com.ar\/web\/index.php?rest_route=\/wp\/v2\/media\/21362"}],"wp:attachment":[{"href":"https:\/\/labitacoraradio.com.ar\/web\/index.php?rest_route=%2Fwp%2Fv2%2Fmedia&parent=21361"}],"wp:term":[{"taxonomy":"category","embeddable":true,"href":"https:\/\/labitacoraradio.com.ar\/web\/index.php?rest_route=%2Fwp%2Fv2%2Fcategories&post=21361"},{"taxonomy":"post_tag","embeddable":true,"href":"https:\/\/labitacoraradio.com.ar\/web\/index.php?rest_route=%2Fwp%2Fv2%2Ftags&post=21361"}],"curies":[{"name":"wp","href":"https:\/\/api.w.org\/{rel}","templated":true}]}}