{"id":21485,"date":"2026-01-14T12:02:50","date_gmt":"2026-01-14T12:02:50","guid":{"rendered":"https:\/\/labitacoraradio.com.ar\/web\/?p=21485"},"modified":"2026-01-19T12:06:42","modified_gmt":"2026-01-19T12:06:42","slug":"parana-abre-inscripciones-para-cursos-gratuitos-de-formacion-en-oficios","status":"publish","type":"post","link":"https:\/\/labitacoraradio.com.ar\/web\/?p=21485","title":{"rendered":"Paran\u00e1 abre inscripciones para cursos gratuitos de formaci\u00f3n en oficios"},"content":{"rendered":"\n<p>La Municipalidad de Paran\u00e1 present\u00f3 su programa de capacitaciones de verano, una iniciativa gratuita destinada a la formaci\u00f3n laboral y t\u00e9cnica de la comunidad. Los cursos se dictar\u00e1n en el <strong>Centro Municipal de Perfeccionamiento<\/strong>, ubicado en Pellegrini 558, e iniciar\u00e1n el pr\u00f3ximo <strong>mi\u00e9rcoles 21 de enero<\/strong>.<\/p>\n\n\n\n<p>El programa busca brindar herramientas pr\u00e1cticas para la inserci\u00f3n laboral a trav\u00e9s de cinco disciplinas de alta demanda.<\/p>\n\n\n\n<hr class=\"wp-block-separator has-alpha-channel-opacity\"\/>\n\n\n\n<h3 class=\"wp-block-heading\">Oferta acad\u00e9mica y horarios<\/h3>\n\n\n\n<p>Las capacitaciones est\u00e1n organizadas en turnos matutinos y vespertinos para facilitar la asistencia:<\/p>\n\n\n\n<figure class=\"wp-block-table\"><table class=\"has-fixed-layout\"><thead><tr><td><strong>Curso<\/strong><\/td><td><strong>D\u00edas<\/strong><\/td><td><strong>Horarios<\/strong><\/td><\/tr><\/thead><tbody><tr><td><strong>Electricidad<\/strong> (Introductorio)<\/td><td>Lunes y mi\u00e9rcoles<\/td><td>08:30 a 10:00 \/ 17:00 a 19:00<\/td><\/tr><tr><td><strong>Refrigeraci\u00f3n<\/strong> (Introductorio)<\/td><td>Martes \/ Jueves<\/td><td>09:00 a 11:00<\/td><\/tr><tr><td><strong>Panader\u00eda<\/strong><\/td><td>Martes \/ Jueves<\/td><td>08:30 a 11:30 \/ 16:30 a 19:30<\/td><\/tr><tr><td><strong>Reciclado de indumentaria<\/strong><\/td><td>Martes \/ Viernes<\/td><td>09:00 a 10:30 \/ 16:30 a 19:00<\/td><\/tr><tr><td><strong>Reparaci\u00f3n de celulares\/tablets<\/strong><\/td><td>Martes \/ Jueves<\/td><td>16:30 a 18:00<\/td><\/tr><\/tbody><\/table><\/figure>\n\n\n\n<hr class=\"wp-block-separator has-alpha-channel-opacity\"\/>\n\n\n\n<h3 class=\"wp-block-heading\">Inscripciones<\/h3>\n\n\n\n<p>El proceso de inscripci\u00f3n permanece abierto desde hoy <strong>lunes 19 hasta el viernes 23 de enero inclusive<\/strong>. Los interesados deben enviar sus datos al correo electr\u00f3nico oficial de la instituci\u00f3n:<\/p>\n\n\n\n<p><strong>Contacto:<\/strong> <a href=\"mailto:centrofp@parana.gob.ar\">centrofp@parana.gob.ar<\/a><\/p>\n\n\n\n<p>Esta propuesta se enmarca en las pol\u00edticas de promoci\u00f3n del empleo y desarrollo de habilidades t\u00e9cnicas impulsadas por el gobierno local para fortalecer el crecimiento profesional de los vecinos de la ciudad.<\/p>\n","protected":false},"excerpt":{"rendered":"<p>La Municipalidad de Paran\u00e1 present\u00f3 su programa de capacitaciones de&#8230;<\/p>\n","protected":false},"author":2,"featured_media":21486,"comment_status":"closed","ping_status":"closed","sticky":false,"template":"","format":"standard","meta":{"footnotes":""},"categories":[2336,3],"tags":[1667],"class_list":["post-21485","post","type-post","status-publish","format-standard","has-post-thumbnail","hentry","category-barralateral","category-municipales","tag-capacitaciones","wpcat-2336-id","wpcat-3-id"],"_links":{"self":[{"href":"https:\/\/labitacoraradio.com.ar\/web\/index.php?rest_route=\/wp\/v2\/posts\/21485","targetHints":{"allow":["GET"]}}],"collection":[{"href":"https:\/\/labitacoraradio.com.ar\/web\/index.php?rest_route=\/wp\/v2\/posts"}],"about":[{"href":"https:\/\/labitacoraradio.com.ar\/web\/index.php?rest_route=\/wp\/v2\/types\/post"}],"author":[{"embeddable":true,"href":"https:\/\/labitacoraradio.com.ar\/web\/index.php?rest_route=\/wp\/v2\/users\/2"}],"replies":[{"embeddable":true,"href":"https:\/\/labitacoraradio.com.ar\/web\/index.php?rest_route=%2Fwp%2Fv2%2Fcomments&post=21485"}],"version-history":[{"count":1,"href":"https:\/\/labitacoraradio.com.ar\/web\/index.php?rest_route=\/wp\/v2\/posts\/21485\/revisions"}],"predecessor-version":[{"id":21487,"href":"https:\/\/labitacoraradio.com.ar\/web\/index.php?rest_route=\/wp\/v2\/posts\/21485\/revisions\/21487"}],"wp:featuredmedia":[{"embeddable":true,"href":"https:\/\/labitacoraradio.com.ar\/web\/index.php?rest_route=\/wp\/v2\/media\/21486"}],"wp:attachment":[{"href":"https:\/\/labitacoraradio.com.ar\/web\/index.php?rest_route=%2Fwp%2Fv2%2Fmedia&parent=21485"}],"wp:term":[{"taxonomy":"category","embeddable":true,"href":"https:\/\/labitacoraradio.com.ar\/web\/index.php?rest_route=%2Fwp%2Fv2%2Fcategories&post=21485"},{"taxonomy":"post_tag","embeddable":true,"href":"https:\/\/labitacoraradio.com.ar\/web\/index.php?rest_route=%2Fwp%2Fv2%2Ftags&post=21485"}],"curies":[{"name":"wp","href":"https:\/\/api.w.org\/{rel}","templated":true}]}}