{"id":21842,"date":"2026-04-26T13:18:40","date_gmt":"2026-04-26T13:18:40","guid":{"rendered":"https:\/\/labitacoraradio.com.ar\/web\/?p=21842"},"modified":"2026-04-27T13:21:08","modified_gmt":"2026-04-27T13:21:08","slug":"parana-presento-sus-politicas-ambientales-en-la-viii-asamblea-nacional-de-intendentes","status":"publish","type":"post","link":"https:\/\/labitacoraradio.com.ar\/web\/?p=21842","title":{"rendered":"Paran\u00e1 present\u00f3 sus pol\u00edticas ambientales en la VIII Asamblea Nacional de Intendentes"},"content":{"rendered":"\n<p>La intendenta de Paran\u00e1, Rosario Romero, expuso los avances en materia de sostenibilidad y gesti\u00f3n clim\u00e1tica de la capital entrerriana durante la VIII Asamblea Nacional de Intendentes de la Red Argentina de Municipios frente al Cambio Clim\u00e1tico (RAMCC). El evento, desarrollado en San Miguel de Tucum\u00e1n, congreg\u00f3 a mandatarios locales, especialistas y delegaciones internacionales de Chile, Paraguay y Portugal con el objetivo de coordinar estrategias de mitigaci\u00f3n y acceso a financiamiento internacional.<\/p>\n\n\n\n<p>26 de abril de 2026<\/p>\n\n\n\n<hr class=\"wp-block-separator has-alpha-channel-opacity\"\/>\n\n\n\n<h3 class=\"wp-block-heading\">Ejes de la gesti\u00f3n sostenible<\/h3>\n\n\n\n<p>Durante su intervenci\u00f3n, Romero sostuvo que la sostenibilidad atraviesa de forma transversal todas las \u00e1reas del municipio. La mandataria detall\u00f3 los tres pilares fundamentales de su administraci\u00f3n:<\/p>\n\n\n\n<ul class=\"wp-block-list\">\n<li><strong>Matriz Energ\u00e9tica:<\/strong> Destac\u00f3 la construcci\u00f3n de un parque fotovoltaico compuesto por <strong>10.000 paneles<\/strong> con una capacidad de producci\u00f3n de <strong>18 GWh anuales<\/strong>. Asimismo, inform\u00f3 la instalaci\u00f3n de <strong>6.000 luminarias LED<\/strong>, lo que representa un ahorro energ\u00e9tico del <strong>50%<\/strong>.<\/li>\n\n\n\n<li><strong>Movilidad Urbana:<\/strong> Confirm\u00f3 la incorporaci\u00f3n de <strong>77 unidades nuevas<\/strong> de transporte p\u00fablico, de las cuales el <strong>20%<\/strong> funciona a gas. El plan incluye la modernizaci\u00f3n del sistema de pago y el fortalecimiento de la red de bicicletas p\u00fablicas.<\/li>\n\n\n\n<li><strong>Saneamiento H\u00eddrico:<\/strong> Resalt\u00f3 la intervenci\u00f3n en el <strong>Arroyo Las Viejas<\/strong>. La obra contempla un sistema de tratamiento biol\u00f3gico y sedimentaci\u00f3n en <strong>1.600 metros<\/strong> de cuenca, proceso que permiti\u00f3 sanear el curso de agua y rehabilitar la Playa Thompson.<\/li>\n<\/ul>\n\n\n\n<h3 class=\"wp-block-heading\">Desaf\u00edos y cooperaci\u00f3n federal<\/h3>\n\n\n\n<p>La intendenta se\u00f1al\u00f3 que el financiamiento y el cambio cultural son los principales obst\u00e1culos para las ciudades intermedias. En este sentido, remarc\u00f3 la importancia de la articulaci\u00f3n federal dentro de la RAMCC para consolidar los proyectos ambientales como pol\u00edticas de Estado.<\/p>\n\n\n\n<p>La apertura del encuentro estuvo a cargo de la intendenta local, Rossana Chahla, y el gobernador de Tucum\u00e1n, Osvaldo Jaldo, quienes enfatizaron la relevancia de estos espacios para el dise\u00f1o de ciudades resilientes frente a la crisis clim\u00e1tica global.<\/p>\n\n\n\n<p><em>Fuente: Municipalidad de Paran\u00e1.<\/em><\/p>\n","protected":false},"excerpt":{"rendered":"<p>La intendenta de Paran\u00e1, Rosario Romero, expuso los avances en&#8230;<\/p>\n","protected":false},"author":2,"featured_media":21843,"comment_status":"closed","ping_status":"closed","sticky":false,"template":"","format":"standard","meta":{"footnotes":""},"categories":[1772],"tags":[3677,541],"class_list":["post-21842","post","type-post","status-publish","format-standard","has-post-thumbnail","hentry","category-ambiente","tag-asamblea-nacional-de-intendentes","tag-rosario-romero","wpcat-1772-id"],"_links":{"self":[{"href":"https:\/\/labitacoraradio.com.ar\/web\/index.php?rest_route=\/wp\/v2\/posts\/21842","targetHints":{"allow":["GET"]}}],"collection":[{"href":"https:\/\/labitacoraradio.com.ar\/web\/index.php?rest_route=\/wp\/v2\/posts"}],"about":[{"href":"https:\/\/labitacoraradio.com.ar\/web\/index.php?rest_route=\/wp\/v2\/types\/post"}],"author":[{"embeddable":true,"href":"https:\/\/labitacoraradio.com.ar\/web\/index.php?rest_route=\/wp\/v2\/users\/2"}],"replies":[{"embeddable":true,"href":"https:\/\/labitacoraradio.com.ar\/web\/index.php?rest_route=%2Fwp%2Fv2%2Fcomments&post=21842"}],"version-history":[{"count":1,"href":"https:\/\/labitacoraradio.com.ar\/web\/index.php?rest_route=\/wp\/v2\/posts\/21842\/revisions"}],"predecessor-version":[{"id":21844,"href":"https:\/\/labitacoraradio.com.ar\/web\/index.php?rest_route=\/wp\/v2\/posts\/21842\/revisions\/21844"}],"wp:featuredmedia":[{"embeddable":true,"href":"https:\/\/labitacoraradio.com.ar\/web\/index.php?rest_route=\/wp\/v2\/media\/21843"}],"wp:attachment":[{"href":"https:\/\/labitacoraradio.com.ar\/web\/index.php?rest_route=%2Fwp%2Fv2%2Fmedia&parent=21842"}],"wp:term":[{"taxonomy":"category","embeddable":true,"href":"https:\/\/labitacoraradio.com.ar\/web\/index.php?rest_route=%2Fwp%2Fv2%2Fcategories&post=21842"},{"taxonomy":"post_tag","embeddable":true,"href":"https:\/\/labitacoraradio.com.ar\/web\/index.php?rest_route=%2Fwp%2Fv2%2Ftags&post=21842"}],"curies":[{"name":"wp","href":"https:\/\/api.w.org\/{rel}","templated":true}]}}