{"id":21845,"date":"2026-04-27T13:25:10","date_gmt":"2026-04-27T13:25:10","guid":{"rendered":"https:\/\/labitacoraradio.com.ar\/web\/?p=21845"},"modified":"2026-04-27T13:25:12","modified_gmt":"2026-04-27T13:25:12","slug":"el-cineclub-noble-proyecta-el-clasico-britanico-whisky-galore","status":"publish","type":"post","link":"https:\/\/labitacoraradio.com.ar\/web\/?p=21845","title":{"rendered":"El Cineclub Noble proyecta el cl\u00e1sico brit\u00e1nico \u00abWhisky Galore!\u00bb"},"content":{"rendered":"\n<p>El ciclo cinematogr\u00e1fico \u00abCata de Musas\u00bb contin\u00faa este martes 28 de abril en la ciudad de Paran\u00e1 con la proyecci\u00f3n de <em>Whisky Galore!<\/em> (1949), \u00f3pera prima del director Alexander Mackendrick. La funci\u00f3n se realizar\u00e1 a las 20:00 en la Sala Noble, ubicada en Matorras 861, con acceso libre y gratuito. La iniciativa es organizada por el Instituto Audiovisual de Entre R\u00edos (IAAER), dependiente de la Secretar\u00eda de Cultura provincial.<\/p>\n\n\n\n<p>27 de abril de 2026<\/p>\n\n\n\n<hr class=\"wp-block-separator has-alpha-channel-opacity\"\/>\n\n\n\n<h3 class=\"wp-block-heading\">Detalles de la programaci\u00f3n<\/h3>\n\n\n\n<p>La propuesta actual del Cineclub Noble vincula la experiencia sensorial de la degustaci\u00f3n con el s\u00e9ptimo arte. Tras una apertura con gran convocatoria la semana pasada, el cronograma se desarrolla de la siguiente manera:<\/p>\n\n\n\n<ul class=\"wp-block-list\">\n<li><strong>Martes 28 de abril:<\/strong> <em>Whisky Galore!<\/em> (Reino Unido). Una comedia ambientada en la Segunda Guerra Mundial donde los habitantes de una isla escocesa intentan recuperar un cargamento de 50.000 cajas de whisky tras un naufragio.<\/li>\n\n\n\n<li><strong>Martes 5 de mayo:<\/strong> <em>Otra ronda<\/em> (Dinamarca, 2020), dirigida por Thomas Vinterberg, ser\u00e1 el t\u00edtulo encargado de cerrar el ciclo.<\/li>\n<\/ul>\n\n\n\n<h3 class=\"wp-block-heading\">Espacio de construcci\u00f3n cultural<\/h3>\n\n\n\n<p>El Cineclub Noble busca fomentar h\u00e1bitos colectivos y el acceso ciudadano a bienes culturales. En esta edici\u00f3n, el evento cuenta con el acompa\u00f1amiento de Oveja Negra para las instancias de degustaci\u00f3n, complementando la tem\u00e1tica de las pel\u00edculas seleccionadas, las cuales exploran la percepci\u00f3n de los sentidos a trav\u00e9s de diferentes relatos cinematogr\u00e1ficos.<\/p>\n\n\n\n<p><em>Fuente: Secretar\u00eda de Cultura de Entre R\u00edos.<\/em><\/p>\n","protected":false},"excerpt":{"rendered":"<p>El ciclo cinematogr\u00e1fico \u00abCata de Musas\u00bb contin\u00faa este martes 28&#8230;<\/p>\n","protected":false},"author":2,"featured_media":21846,"comment_status":"closed","ping_status":"closed","sticky":false,"template":"","format":"standard","meta":{"footnotes":""},"categories":[2336,10],"tags":[],"class_list":["post-21845","post","type-post","status-publish","format-standard","has-post-thumbnail","hentry","category-barralateral","category-cultura","wpcat-2336-id","wpcat-10-id"],"_links":{"self":[{"href":"https:\/\/labitacoraradio.com.ar\/web\/index.php?rest_route=\/wp\/v2\/posts\/21845","targetHints":{"allow":["GET"]}}],"collection":[{"href":"https:\/\/labitacoraradio.com.ar\/web\/index.php?rest_route=\/wp\/v2\/posts"}],"about":[{"href":"https:\/\/labitacoraradio.com.ar\/web\/index.php?rest_route=\/wp\/v2\/types\/post"}],"author":[{"embeddable":true,"href":"https:\/\/labitacoraradio.com.ar\/web\/index.php?rest_route=\/wp\/v2\/users\/2"}],"replies":[{"embeddable":true,"href":"https:\/\/labitacoraradio.com.ar\/web\/index.php?rest_route=%2Fwp%2Fv2%2Fcomments&post=21845"}],"version-history":[{"count":1,"href":"https:\/\/labitacoraradio.com.ar\/web\/index.php?rest_route=\/wp\/v2\/posts\/21845\/revisions"}],"predecessor-version":[{"id":21847,"href":"https:\/\/labitacoraradio.com.ar\/web\/index.php?rest_route=\/wp\/v2\/posts\/21845\/revisions\/21847"}],"wp:featuredmedia":[{"embeddable":true,"href":"https:\/\/labitacoraradio.com.ar\/web\/index.php?rest_route=\/wp\/v2\/media\/21846"}],"wp:attachment":[{"href":"https:\/\/labitacoraradio.com.ar\/web\/index.php?rest_route=%2Fwp%2Fv2%2Fmedia&parent=21845"}],"wp:term":[{"taxonomy":"category","embeddable":true,"href":"https:\/\/labitacoraradio.com.ar\/web\/index.php?rest_route=%2Fwp%2Fv2%2Fcategories&post=21845"},{"taxonomy":"post_tag","embeddable":true,"href":"https:\/\/labitacoraradio.com.ar\/web\/index.php?rest_route=%2Fwp%2Fv2%2Ftags&post=21845"}],"curies":[{"name":"wp","href":"https:\/\/api.w.org\/{rel}","templated":true}]}}