{"id":21848,"date":"2026-04-27T13:29:32","date_gmt":"2026-04-27T13:29:32","guid":{"rendered":"https:\/\/labitacoraradio.com.ar\/web\/?p=21848"},"modified":"2026-04-27T13:29:33","modified_gmt":"2026-04-27T13:29:33","slug":"el-gobierno-busca-reactivar-su-agenda-politica-en-una-semana-marcada-por-el-informe-de-adorni-ante-el-congreso","status":"publish","type":"post","link":"https:\/\/labitacoraradio.com.ar\/web\/?p=21848","title":{"rendered":"El Gobierno busca reactivar su agenda pol\u00edtica en una semana marcada por el informe de Adorni ante el Congreso"},"content":{"rendered":"\n<p>El Poder Ejecutivo inicia una semana estrat\u00e9gica orientada a recuperar la iniciativa pol\u00edtica y legislativa. El eje central ser\u00e1 la presentaci\u00f3n del jefe de Gabinete, Manuel Adorni, ante la C\u00e1mara de Diputados el pr\u00f3ximo mi\u00e9rcoles, en lo que representar\u00e1 su primer informe de gesti\u00f3n bajo el precepto constitucional. El funcionario responder\u00e1 m\u00e1s de 2.000 preguntas de la oposici\u00f3n en un clima de fuerte respaldo por parte del presidente Javier Milei.<\/p>\n\n\n\n<p>27 de abril de 2026<\/p>\n\n\n\n<hr class=\"wp-block-separator has-alpha-channel-opacity\"\/>\n\n\n\n<h3 class=\"wp-block-heading\">El blindaje a la Jefatura de Gabinete<\/h3>\n\n\n\n<p>La sesi\u00f3n informativa del mi\u00e9rcoles adquiere una relevancia inusual debido a la presencia confirmada del presidente Milei en el palco oficial, un gesto interpretado como un blindaje pol\u00edtico hacia Adorni. Tras un periodo de baja exposici\u00f3n p\u00fablica del ministro coordinador, el oficialismo busca que esta instancia sirva para:<\/p>\n\n\n\n<ul class=\"wp-block-list\">\n<li><strong>Responder cuestionamientos:<\/strong> Evacuar las 2.151 consultas unificadas por los bloques opositores, centradas mayoritariamente en la gesti\u00f3n y en la evoluci\u00f3n patrimonial del funcionario.<\/li>\n\n\n\n<li><strong>Retomar la vocer\u00eda:<\/strong> El Gobierno eval\u00faa restablecer las conferencias de prensa habituales y normalizar el acceso de los medios acreditados a la Casa Rosada tras la sesi\u00f3n.<\/li>\n\n\n\n<li><strong>Reactivar leyes clave:<\/strong> Impulsar el tratamiento de proyectos postergados, como la reforma pol\u00edtica (que incluye Ficha Limpia y cambios en el financiamiento de partidos), la Ley de Propiedad Privada y la Ley de Salud Mental.<\/li>\n<\/ul>\n\n\n\n<h3 class=\"wp-block-heading\">Agenda presidencial y metas fiscales<\/h3>\n\n\n\n<p>En paralelo al escenario parlamentario, el presidente Milei mantendr\u00e1 una agenda de alta exposici\u00f3n econ\u00f3mica e intelectual. Este lunes disertar\u00e1 en la cena anual de la Fundaci\u00f3n Libertad y el martes encabezar\u00e1 un debate sobre teor\u00eda econ\u00f3mica en el Palacio Libertad.<\/p>\n\n\n\n<p>Hacia el cierre de la semana, se cumplir\u00e1 un plazo administrativo determinante para el funcionamiento del Estado:<\/p>\n\n\n\n<ul class=\"wp-block-list\">\n<li><strong>Planes de ajuste:<\/strong> Los nueve ministerios deben presentar sus esquemas de reducci\u00f3n de gastos, con metas fijadas en un <strong>2% para gastos corrientes<\/strong> y un <strong>20% para gastos de capital<\/strong>.<\/li>\n\n\n\n<li><strong>Declaraciones juradas:<\/strong> La Oficina Anticorrupci\u00f3n prorrog\u00f3 hasta el 31 de julio el plazo para la presentaci\u00f3n de las declaraciones juradas, otorgando un margen temporal a los funcionarios para actualizar sus informes patrimoniales.<\/li>\n<\/ul>\n\n\n\n<p><em>Fuente: Infobae.<\/em><\/p>\n","protected":false},"excerpt":{"rendered":"<p>El Poder Ejecutivo inicia una semana estrat\u00e9gica orientada a recuperar&#8230;<\/p>\n","protected":false},"author":2,"featured_media":21849,"comment_status":"closed","ping_status":"closed","sticky":false,"template":"","format":"standard","meta":{"footnotes":""},"categories":[30,1],"tags":[1766,2321],"class_list":["post-21848","post","type-post","status-publish","format-standard","has-post-thumbnail","hentry","category-gobierno","category-politica","tag-javier-milei","tag-manuel-adorni","wpcat-30-id","wpcat-1-id"],"_links":{"self":[{"href":"https:\/\/labitacoraradio.com.ar\/web\/index.php?rest_route=\/wp\/v2\/posts\/21848","targetHints":{"allow":["GET"]}}],"collection":[{"href":"https:\/\/labitacoraradio.com.ar\/web\/index.php?rest_route=\/wp\/v2\/posts"}],"about":[{"href":"https:\/\/labitacoraradio.com.ar\/web\/index.php?rest_route=\/wp\/v2\/types\/post"}],"author":[{"embeddable":true,"href":"https:\/\/labitacoraradio.com.ar\/web\/index.php?rest_route=\/wp\/v2\/users\/2"}],"replies":[{"embeddable":true,"href":"https:\/\/labitacoraradio.com.ar\/web\/index.php?rest_route=%2Fwp%2Fv2%2Fcomments&post=21848"}],"version-history":[{"count":1,"href":"https:\/\/labitacoraradio.com.ar\/web\/index.php?rest_route=\/wp\/v2\/posts\/21848\/revisions"}],"predecessor-version":[{"id":21850,"href":"https:\/\/labitacoraradio.com.ar\/web\/index.php?rest_route=\/wp\/v2\/posts\/21848\/revisions\/21850"}],"wp:featuredmedia":[{"embeddable":true,"href":"https:\/\/labitacoraradio.com.ar\/web\/index.php?rest_route=\/wp\/v2\/media\/21849"}],"wp:attachment":[{"href":"https:\/\/labitacoraradio.com.ar\/web\/index.php?rest_route=%2Fwp%2Fv2%2Fmedia&parent=21848"}],"wp:term":[{"taxonomy":"category","embeddable":true,"href":"https:\/\/labitacoraradio.com.ar\/web\/index.php?rest_route=%2Fwp%2Fv2%2Fcategories&post=21848"},{"taxonomy":"post_tag","embeddable":true,"href":"https:\/\/labitacoraradio.com.ar\/web\/index.php?rest_route=%2Fwp%2Fv2%2Ftags&post=21848"}],"curies":[{"name":"wp","href":"https:\/\/api.w.org\/{rel}","templated":true}]}}