{"id":21854,"date":"2026-04-25T13:35:03","date_gmt":"2026-04-25T13:35:03","guid":{"rendered":"https:\/\/labitacoraradio.com.ar\/web\/?p=21854"},"modified":"2026-04-27T13:37:28","modified_gmt":"2026-04-27T13:37:28","slug":"lanzaran-la-tercera-edicion-de-la-semana-de-la-miel-en-parana","status":"publish","type":"post","link":"https:\/\/labitacoraradio.com.ar\/web\/?p=21854","title":{"rendered":"Lanzar\u00e1n la tercera edici\u00f3n de la Semana de la Miel en Paran\u00e1"},"content":{"rendered":"\n<p>La Secretar\u00eda de Agricultura, Ganader\u00eda y Pesca de Entre R\u00edos anunci\u00f3 el lanzamiento de la tercera edici\u00f3n de la <strong>Semana de la Miel 2026<\/strong>. La actividad se realizar\u00e1 el pr\u00f3ximo jueves 14 de mayo, entre las 8:00 y las 14:00, en la Plaza Mansilla de la capital provincial. El evento, declarado de Inter\u00e9s Legislativo por ambas C\u00e1maras, se enmarca en la Campa\u00f1a Nacional de Promoci\u00f3n del Consumo Interno de la Miel.<\/p>\n\n\n\n<p>25 de abril de 2026<\/p>\n\n\n\n<hr class=\"wp-block-separator has-alpha-channel-opacity\"\/>\n\n\n\n<h3 class=\"wp-block-heading\">Objetivos de la jornada<\/h3>\n\n\n\n<p>La iniciativa busca consolidar una jornada de vinculaci\u00f3n institucional y promoci\u00f3n de la cadena ap\u00edcola entrerriana. Seg\u00fan los lineamientos de la Coordinaci\u00f3n Provincial de Apicultura, los ejes centrales del encuentro son:<\/p>\n\n\n\n<ul class=\"wp-block-list\">\n<li><strong>Fomento del consumo:<\/strong> Incentivar la incorporaci\u00f3n de la miel como producto natural en la dieta cotidiana de los ciudadanos.<\/li>\n\n\n\n<li><strong>Posicionamiento estrat\u00e9gico:<\/strong> Destacar la calidad diferenciada de la producci\u00f3n local y el rol fundamental de las abejas en la preservaci\u00f3n de los ecosistemas.<\/li>\n\n\n\n<li><strong>Articulaci\u00f3n productiva:<\/strong> Generar un espacio de encuentro entre productores, empresarios y consumidores para fortalecer la identidad del sector.<\/li>\n<\/ul>\n\n\n\n<p>La convocatoria es abierta a todo p\u00fablico y pretende reflejar la diversidad productiva de la provincia, posicionando a Entre R\u00edos como un actor clave en la industria ap\u00edcola nacional.<\/p>\n\n\n\n<p><em>Fuente<strong>:<\/strong> Secretar\u00eda de Agricultura, Ganader\u00eda y Pesca de Entre R\u00edos.<\/em><\/p>\n","protected":false},"excerpt":{"rendered":"<p>La Secretar\u00eda de Agricultura, Ganader\u00eda y Pesca de Entre R\u00edos&#8230;<\/p>\n","protected":false},"author":2,"featured_media":21855,"comment_status":"closed","ping_status":"closed","sticky":false,"template":"","format":"standard","meta":{"footnotes":""},"categories":[2336,24],"tags":[213],"class_list":["post-21854","post","type-post","status-publish","format-standard","has-post-thumbnail","hentry","category-barralateral","category-produccion","tag-miel","wpcat-2336-id","wpcat-24-id"],"_links":{"self":[{"href":"https:\/\/labitacoraradio.com.ar\/web\/index.php?rest_route=\/wp\/v2\/posts\/21854","targetHints":{"allow":["GET"]}}],"collection":[{"href":"https:\/\/labitacoraradio.com.ar\/web\/index.php?rest_route=\/wp\/v2\/posts"}],"about":[{"href":"https:\/\/labitacoraradio.com.ar\/web\/index.php?rest_route=\/wp\/v2\/types\/post"}],"author":[{"embeddable":true,"href":"https:\/\/labitacoraradio.com.ar\/web\/index.php?rest_route=\/wp\/v2\/users\/2"}],"replies":[{"embeddable":true,"href":"https:\/\/labitacoraradio.com.ar\/web\/index.php?rest_route=%2Fwp%2Fv2%2Fcomments&post=21854"}],"version-history":[{"count":1,"href":"https:\/\/labitacoraradio.com.ar\/web\/index.php?rest_route=\/wp\/v2\/posts\/21854\/revisions"}],"predecessor-version":[{"id":21856,"href":"https:\/\/labitacoraradio.com.ar\/web\/index.php?rest_route=\/wp\/v2\/posts\/21854\/revisions\/21856"}],"wp:featuredmedia":[{"embeddable":true,"href":"https:\/\/labitacoraradio.com.ar\/web\/index.php?rest_route=\/wp\/v2\/media\/21855"}],"wp:attachment":[{"href":"https:\/\/labitacoraradio.com.ar\/web\/index.php?rest_route=%2Fwp%2Fv2%2Fmedia&parent=21854"}],"wp:term":[{"taxonomy":"category","embeddable":true,"href":"https:\/\/labitacoraradio.com.ar\/web\/index.php?rest_route=%2Fwp%2Fv2%2Fcategories&post=21854"},{"taxonomy":"post_tag","embeddable":true,"href":"https:\/\/labitacoraradio.com.ar\/web\/index.php?rest_route=%2Fwp%2Fv2%2Ftags&post=21854"}],"curies":[{"name":"wp","href":"https:\/\/api.w.org\/{rel}","templated":true}]}}