{"id":21857,"date":"2026-04-26T13:39:06","date_gmt":"2026-04-26T13:39:06","guid":{"rendered":"https:\/\/labitacoraradio.com.ar\/web\/?p=21857"},"modified":"2026-04-27T13:40:51","modified_gmt":"2026-04-27T13:40:51","slug":"el-cge-lanza-el-plan-jurisdiccional-de-matematica-para-55-escuelas-entrerrianas","status":"publish","type":"post","link":"https:\/\/labitacoraradio.com.ar\/web\/?p=21857","title":{"rendered":"El CGE lanza el Plan Jurisdiccional de Matem\u00e1tica para 55 escuelas entrerrianas"},"content":{"rendered":"\n<p>El Consejo General de Educaci\u00f3n (CGE) realizar\u00e1 este martes 28 de abril el lanzamiento oficial del programa <strong>\u00abLa articulaci\u00f3n entre nivel primario y nivel secundario, un compromiso para mejorar la ense\u00f1anza y el aprendizaje de la Matem\u00e1tica en Entre R\u00edos\u00bb<\/strong>. La iniciativa, que alcanza inicialmente a 55 instituciones educativas de la provincia, busca integrar las estrategias pedag\u00f3gicas entre ambos niveles para fortalecer las trayectorias escolares.<\/p>\n\n\n\n<p>26 de abril de 2026<\/p>\n\n\n\n<hr class=\"wp-block-separator has-alpha-channel-opacity\"\/>\n\n\n\n<h3 class=\"wp-block-heading\">Ejes de la implementaci\u00f3n<\/h3>\n\n\n\n<p>El plan se encuadra en el Plan Nacional de Alfabetizaci\u00f3n y el programa Compromiso Federal por la Matem\u00e1tica. Sus principales caracter\u00edsticas incluyen:<\/p>\n\n\n\n<ul class=\"wp-block-list\">\n<li><strong>Articulaci\u00f3n Pedag\u00f3gica:<\/strong> El foco reside en el trabajo conjunto entre docentes del segundo ciclo de nivel primario y profesores de primer a\u00f1o del nivel secundario, con el fin de garantizar una transici\u00f3n acad\u00e9mica fluida.<\/li>\n\n\n\n<li><strong>Modalidad de Formaci\u00f3n:<\/strong> El lanzamiento se efectuar\u00e1 de manera virtual mediante la plataforma Meet y la formaci\u00f3n continuar\u00e1 a trav\u00e9s del portal educativo Atam\u00e1.<\/li>\n\n\n\n<li><strong>Alcance:<\/strong> La capacitaci\u00f3n est\u00e1 destinada a directores departamentales, supervisores, equipos directivos y docentes de las escuelas seleccionadas en toda la jurisdicci\u00f3n.<\/li>\n<\/ul>\n\n\n\n<h3 class=\"wp-block-heading\">Declaraciones institucionales<\/h3>\n\n\n\n<p>El director de Educaci\u00f3n Secundaria, Omar Osuna, destac\u00f3 que la ense\u00f1anza de la matem\u00e1tica es una herramienta esencial para el ejercicio del pensamiento cr\u00edtico y la participaci\u00f3n ciudadana. Por su parte, la directora de Educaci\u00f3n Primaria, M\u00f3nica Schoenfeld, subray\u00f3 que este paso es fundamental para asegurar que los estudiantes ingresen al nivel secundario con conocimientos s\u00f3lidos y afianzados.<\/p>\n\n\n\n<p>La propuesta promueve una mirada integral que trasciende el aula, posicionando a la formaci\u00f3n docente continua como el motor principal para mejorar los indicadores de aprendizaje en la provincia.<\/p>\n\n\n\n<p><em>Fuente: Consejo General de Educaci\u00f3n <\/em><\/p>\n","protected":false},"excerpt":{"rendered":"<p>El Consejo General de Educaci\u00f3n (CGE) realizar\u00e1 este martes 28&#8230;<\/p>\n","protected":false},"author":2,"featured_media":21858,"comment_status":"closed","ping_status":"closed","sticky":false,"template":"","format":"standard","meta":{"footnotes":""},"categories":[2336,14],"tags":[198],"class_list":["post-21857","post","type-post","status-publish","format-standard","has-post-thumbnail","hentry","category-barralateral","category-educacion","tag-cge","wpcat-2336-id","wpcat-14-id"],"_links":{"self":[{"href":"https:\/\/labitacoraradio.com.ar\/web\/index.php?rest_route=\/wp\/v2\/posts\/21857","targetHints":{"allow":["GET"]}}],"collection":[{"href":"https:\/\/labitacoraradio.com.ar\/web\/index.php?rest_route=\/wp\/v2\/posts"}],"about":[{"href":"https:\/\/labitacoraradio.com.ar\/web\/index.php?rest_route=\/wp\/v2\/types\/post"}],"author":[{"embeddable":true,"href":"https:\/\/labitacoraradio.com.ar\/web\/index.php?rest_route=\/wp\/v2\/users\/2"}],"replies":[{"embeddable":true,"href":"https:\/\/labitacoraradio.com.ar\/web\/index.php?rest_route=%2Fwp%2Fv2%2Fcomments&post=21857"}],"version-history":[{"count":1,"href":"https:\/\/labitacoraradio.com.ar\/web\/index.php?rest_route=\/wp\/v2\/posts\/21857\/revisions"}],"predecessor-version":[{"id":21859,"href":"https:\/\/labitacoraradio.com.ar\/web\/index.php?rest_route=\/wp\/v2\/posts\/21857\/revisions\/21859"}],"wp:featuredmedia":[{"embeddable":true,"href":"https:\/\/labitacoraradio.com.ar\/web\/index.php?rest_route=\/wp\/v2\/media\/21858"}],"wp:attachment":[{"href":"https:\/\/labitacoraradio.com.ar\/web\/index.php?rest_route=%2Fwp%2Fv2%2Fmedia&parent=21857"}],"wp:term":[{"taxonomy":"category","embeddable":true,"href":"https:\/\/labitacoraradio.com.ar\/web\/index.php?rest_route=%2Fwp%2Fv2%2Fcategories&post=21857"},{"taxonomy":"post_tag","embeddable":true,"href":"https:\/\/labitacoraradio.com.ar\/web\/index.php?rest_route=%2Fwp%2Fv2%2Ftags&post=21857"}],"curies":[{"name":"wp","href":"https:\/\/api.w.org\/{rel}","templated":true}]}}