{"id":21860,"date":"2026-04-27T10:42:00","date_gmt":"2026-04-27T10:42:00","guid":{"rendered":"https:\/\/labitacoraradio.com.ar\/web\/?p=21860"},"modified":"2026-04-27T13:46:20","modified_gmt":"2026-04-27T13:46:20","slug":"jornada-de-protestas-paros-y-movilizaciones-afectan-la-actividad-en-todo-el-pais","status":"publish","type":"post","link":"https:\/\/labitacoraradio.com.ar\/web\/?p=21860","title":{"rendered":"Jornada de protestas: paros y movilizaciones afectan la actividad en todo el pa\u00eds"},"content":{"rendered":"\n<p>Este lunes 27 de abril, diversos sectores gremiales, educativos y sociales llevan adelante una jornada de lucha contra las pol\u00edticas econ\u00f3micas y los recortes presupuestarios del gobierno nacional. La medida de fuerza incluye un paro bancario de 24 horas, la paralizaci\u00f3n de clases en universidades nacionales y cortes de acceso en los principales puntos del pa\u00eds por parte de organizaciones sociales.<\/p>\n\n\n\n<p>27 de abril de 2026<\/p>\n\n\n\n<hr class=\"wp-block-separator has-alpha-channel-opacity\"\/>\n\n\n\n<h3 class=\"wp-block-heading\">Sectores en conflicto y alcance de las medidas<\/h3>\n\n\n\n<p>La protesta unifica reclamos de distintos \u00e1mbitos, generando un escenario de alta tensi\u00f3n y afectando servicios esenciales:<\/p>\n\n\n\n<ul class=\"wp-block-list\">\n<li><strong>Actividad Bancaria:<\/strong> La Asociaci\u00f3n Bancaria cumple un paro de <strong>24 horas<\/strong> en respuesta al cierre de 12 dependencias del Banco Central (BCRA) y el riesgo sobre 32 puestos de trabajo. Si bien las sucursales operan para atenci\u00f3n al p\u00fablico, la huelga afecta los <strong>21 centros log\u00edsticos<\/strong> de dinero f\u00edsico, lo que provoca dificultades en la recarga de cajeros autom\u00e1ticos y falta de efectivo.<\/li>\n\n\n\n<li><strong>Educaci\u00f3n Superior:<\/strong> Docentes y no docentes universitarios mantienen el cese de actividades en reclamo de actualizaciones salariales. Los gremios denuncian una ca\u00edda presupuestaria del <strong>45,6%<\/strong> desde 2023 y ratificaron una marcha federal hacia Plaza de Mayo para el pr\u00f3ximo 12 de mayo.<\/li>\n\n\n\n<li><strong>Movimientos Sociales:<\/strong> Organizaciones territoriales realizan movilizaciones en los accesos a la Ciudad de Buenos Aires y ciudades del interior. El reclamo se centra en la restituci\u00f3n de la asistencia alimentaria a comedores y el rechazo al impacto del ajuste en sectores vulnerables.<\/li>\n<\/ul>\n\n\n\n<h3 class=\"wp-block-heading\">Contexto pol\u00edtico<\/h3>\n\n\n\n<p>La jornada coincide con el inicio de una semana determinante para el Ejecutivo, que busca recuperar la agenda parlamentaria mientras enfrenta la presi\u00f3n sindical. Las organizaciones denuncian la falta de canales de di\u00e1logo con las autoridades nacionales y advierten sobre la profundizaci\u00f3n de las medidas si no hay respuestas a los pedidos de recomposici\u00f3n presupuestaria.<\/p>\n\n\n\n<p><em>Fuente: Perfil.<\/em><\/p>\n","protected":false},"excerpt":{"rendered":"<p>Este lunes 27 de abril, diversos sectores gremiales, educativos y&#8230;<\/p>\n","protected":false},"author":2,"featured_media":21861,"comment_status":"closed","ping_status":"closed","sticky":false,"template":"","format":"standard","meta":{"footnotes":""},"categories":[1,2171],"tags":[169],"class_list":["post-21860","post","type-post","status-publish","format-standard","has-post-thumbnail","hentry","category-politica","category-universidades","tag-protestas","wpcat-1-id","wpcat-2171-id"],"_links":{"self":[{"href":"https:\/\/labitacoraradio.com.ar\/web\/index.php?rest_route=\/wp\/v2\/posts\/21860","targetHints":{"allow":["GET"]}}],"collection":[{"href":"https:\/\/labitacoraradio.com.ar\/web\/index.php?rest_route=\/wp\/v2\/posts"}],"about":[{"href":"https:\/\/labitacoraradio.com.ar\/web\/index.php?rest_route=\/wp\/v2\/types\/post"}],"author":[{"embeddable":true,"href":"https:\/\/labitacoraradio.com.ar\/web\/index.php?rest_route=\/wp\/v2\/users\/2"}],"replies":[{"embeddable":true,"href":"https:\/\/labitacoraradio.com.ar\/web\/index.php?rest_route=%2Fwp%2Fv2%2Fcomments&post=21860"}],"version-history":[{"count":1,"href":"https:\/\/labitacoraradio.com.ar\/web\/index.php?rest_route=\/wp\/v2\/posts\/21860\/revisions"}],"predecessor-version":[{"id":21862,"href":"https:\/\/labitacoraradio.com.ar\/web\/index.php?rest_route=\/wp\/v2\/posts\/21860\/revisions\/21862"}],"wp:featuredmedia":[{"embeddable":true,"href":"https:\/\/labitacoraradio.com.ar\/web\/index.php?rest_route=\/wp\/v2\/media\/21861"}],"wp:attachment":[{"href":"https:\/\/labitacoraradio.com.ar\/web\/index.php?rest_route=%2Fwp%2Fv2%2Fmedia&parent=21860"}],"wp:term":[{"taxonomy":"category","embeddable":true,"href":"https:\/\/labitacoraradio.com.ar\/web\/index.php?rest_route=%2Fwp%2Fv2%2Fcategories&post=21860"},{"taxonomy":"post_tag","embeddable":true,"href":"https:\/\/labitacoraradio.com.ar\/web\/index.php?rest_route=%2Fwp%2Fv2%2Ftags&post=21860"}],"curies":[{"name":"wp","href":"https:\/\/api.w.org\/{rel}","templated":true}]}}