{"id":21863,"date":"2026-04-27T13:51:20","date_gmt":"2026-04-27T13:51:20","guid":{"rendered":"https:\/\/labitacoraradio.com.ar\/web\/?p=21863"},"modified":"2026-04-27T13:51:22","modified_gmt":"2026-04-27T13:51:22","slug":"el-senado-inicia-las-audiencias-publicas-para-designar-a-78-magistrados-y-fiscales","status":"publish","type":"post","link":"https:\/\/labitacoraradio.com.ar\/web\/?p=21863","title":{"rendered":"El Senado inicia las audiencias p\u00fablicas para designar a 78 magistrados y fiscales"},"content":{"rendered":"\n<p>La Comisi\u00f3n de Acuerdos del Senado, presidida por Juan Carlos Pagotto, pondr\u00e1 en marcha este jueves 30 de abril la primera de cuatro audiencias p\u00fablicas destinadas a evaluar a los postulantes para cubrir vacantes en el Poder Judicial. En esta jornada inicial, 16 aspirantes defender\u00e1n sus pliegos ante los legisladores, en un proceso que busca oficializar la designaci\u00f3n de un total de 78 jueces, fiscales y defensores.<\/p>\n\n\n\n<p>27 de abril de 2026<\/p>\n\n\n\n<hr class=\"wp-block-separator has-alpha-channel-opacity\"\/>\n\n\n\n<h3 class=\"wp-block-heading\">Perfiles destacados y estrategias oficiales<\/h3>\n\n\n\n<p>El Poder Ejecutivo ha impulsado una lista que incluye nombres con peso pol\u00edtico y judicial. Entre las propuestas sobresalientes para las pr\u00f3ximas semanas se encuentran:<\/p>\n\n\n\n<ul class=\"wp-block-list\">\n<li><strong>Continuidad judicial:<\/strong> El Gobierno solicita la pr\u00f3rroga por cinco a\u00f1os del mandato de <strong>V\u00edctor Pesino<\/strong> en la C\u00e1mara Nacional de Apelaciones del Trabajo, tras haber superado la edad jubilatoria.<\/li>\n\n\n\n<li><strong>V\u00ednculos estrat\u00e9gicos:<\/strong> En mayo expondr\u00e1n <strong>Emilio Rosatti<\/strong> (hijo del presidente de la Corte Suprema) para un tribunal federal en Santa Fe; <strong>Mar\u00eda Julia Sosa<\/strong> (secretaria del juez Juli\u00e1n Ercolini); y <strong>Cristina Mar\u00eda Juan<\/strong> (esposa del juez Marcelo Mart\u00ednez Giorgi).<\/li>\n\n\n\n<li><strong>Cargos clave:<\/strong> Para la audiencia de este jueves, destaca la postulaci\u00f3n de <strong>Mar\u00eda In\u00e9s Rest\u00f3n<\/strong> como Defensora P\u00fablica ante la C\u00e1mara Nacional de Apelaciones en lo Penal Econ\u00f3mico, un fuero considerado sensible para la gesti\u00f3n actual.<\/li>\n<\/ul>\n\n\n\n<h3 class=\"wp-block-heading\">Cronograma y procedimiento<\/h3>\n\n\n\n<p>El cronograma de audiencias se extender\u00e1 hasta el 13 de mayo. Una vez concluidas las exposiciones y emitidos los dict\u00e1menes de comisi\u00f3n, los pliegos ser\u00e1n tratados en el recinto de la C\u00e1mara Alta. El oficialismo requiere de una <strong>mayor\u00eda simple<\/strong> para aprobar las designaciones y cubrir las vacantes en juzgados nacionales y tribunales orales.<\/p>\n\n\n\n<p>Adem\u00e1s de los cargos en el fuero Penal Econ\u00f3mico y Civil, la lista del jueves incluye postulantes para juzgados de Menores y Criminal y Correccional de la Capital Federal, tales como Ricardo Lombardo, Santiago Munilla y Gloria Capanegra, entre otros.<\/p>\n\n\n\n<hr class=\"wp-block-separator has-alpha-channel-opacity\"\/>\n\n\n\n<p><em>Fuente: Agencia Noticias Argentinas (NA).<\/em><\/p>\n","protected":false},"excerpt":{"rendered":"<p>La Comisi\u00f3n de Acuerdos del Senado, presidida por Juan Carlos&#8230;<\/p>\n","protected":false},"author":2,"featured_media":21864,"comment_status":"closed","ping_status":"closed","sticky":false,"template":"","format":"standard","meta":{"footnotes":""},"categories":[2717,1],"tags":[3678,1011],"class_list":["post-21863","post","type-post","status-publish","format-standard","has-post-thumbnail","hentry","category-justicia","category-politica","tag-fiscales","tag-jueces","wpcat-2717-id","wpcat-1-id"],"_links":{"self":[{"href":"https:\/\/labitacoraradio.com.ar\/web\/index.php?rest_route=\/wp\/v2\/posts\/21863","targetHints":{"allow":["GET"]}}],"collection":[{"href":"https:\/\/labitacoraradio.com.ar\/web\/index.php?rest_route=\/wp\/v2\/posts"}],"about":[{"href":"https:\/\/labitacoraradio.com.ar\/web\/index.php?rest_route=\/wp\/v2\/types\/post"}],"author":[{"embeddable":true,"href":"https:\/\/labitacoraradio.com.ar\/web\/index.php?rest_route=\/wp\/v2\/users\/2"}],"replies":[{"embeddable":true,"href":"https:\/\/labitacoraradio.com.ar\/web\/index.php?rest_route=%2Fwp%2Fv2%2Fcomments&post=21863"}],"version-history":[{"count":1,"href":"https:\/\/labitacoraradio.com.ar\/web\/index.php?rest_route=\/wp\/v2\/posts\/21863\/revisions"}],"predecessor-version":[{"id":21865,"href":"https:\/\/labitacoraradio.com.ar\/web\/index.php?rest_route=\/wp\/v2\/posts\/21863\/revisions\/21865"}],"wp:featuredmedia":[{"embeddable":true,"href":"https:\/\/labitacoraradio.com.ar\/web\/index.php?rest_route=\/wp\/v2\/media\/21864"}],"wp:attachment":[{"href":"https:\/\/labitacoraradio.com.ar\/web\/index.php?rest_route=%2Fwp%2Fv2%2Fmedia&parent=21863"}],"wp:term":[{"taxonomy":"category","embeddable":true,"href":"https:\/\/labitacoraradio.com.ar\/web\/index.php?rest_route=%2Fwp%2Fv2%2Fcategories&post=21863"},{"taxonomy":"post_tag","embeddable":true,"href":"https:\/\/labitacoraradio.com.ar\/web\/index.php?rest_route=%2Fwp%2Fv2%2Ftags&post=21863"}],"curies":[{"name":"wp","href":"https:\/\/api.w.org\/{rel}","templated":true}]}}