{"id":22315,"date":"2026-08-31T12:58:06","date_gmt":"2026-08-31T12:58:06","guid":{"rendered":"https:\/\/labitacoraradio.com.ar\/web\/?p=22315"},"modified":"2026-08-31T12:58:07","modified_gmt":"2026-08-31T12:58:07","slug":"milei-declaro-295-millones-de-patrimonio-y-los-bienes-de-karina-milei-aumentaron-un-221","status":"publish","type":"post","link":"https:\/\/labitacoraradio.com.ar\/web\/?p=22315","title":{"rendered":"Milei declar\u00f3 $295 millones de patrimonio y los bienes de Karina Milei aumentaron un 221%"},"content":{"rendered":"\n<h4 class=\"wp-block-heading\"><strong>El Jefe de Estado detall\u00f3 poseer un inmueble en la Ciudad de Buenos Aires y dos veh\u00edculos, mientras que la presentaci\u00f3n de la Secretaria General de la Presidencia registr\u00f3 un marcado salto en sus activos.<\/strong><\/h4>\n\n\n\n<p class=\"wp-block-paragraph\"><em> 31 de agosto de 2026<\/em><\/p>\n\n\n\n<h3 class=\"wp-block-heading\">Los bienes del Presidente y la Secretaria General<\/h3>\n\n\n\n<p class=\"has-medium-font-size wp-block-paragraph\">El presidente Javier Milei present\u00f3 su declaraci\u00f3n jurada oficial por un total de 295 millones de pesos. En el informe patrimonial se consignan una vivienda ubicada en la Ciudad Aut\u00f3noma de Buenos Aires y dos automotores. Por su parte, la declaraci\u00f3n correspondiente a la secretaria General de la Presidencia, Karina Milei, reflej\u00f3 un incremento patrimonial del 221% respecto a per\u00edodos anteriores, constituy\u00e9ndose en el dato con mayor variaci\u00f3n dentro de las presentaciones del Poder Ejecutivo.<\/p>\n\n\n\n<h3 class=\"wp-block-heading\">Impacto en el debate p\u00fablico y control de gesti\u00f3n<\/h3>\n\n\n\n<p class=\"has-medium-font-size wp-block-paragraph\">Las declaraciones juradas de los altos funcionarios constituyen un instrumento de control p\u00fablico que permite monitorear la evoluci\u00f3n de los activos, detectar variaciones y evaluar la consistencia de los ingresos informados. Las variaciones pronunciadas en los patrimonios de la dirigencia suelen activar el escrutinio social sobre el origen de los fondos, la revalorizaci\u00f3n de los bienes y los mecanismos de rendici\u00f3n de cuentas dentro de la administraci\u00f3n p\u00fablica.<\/p>\n\n\n\n<p class=\"wp-block-paragraph\"><em>Fuente: Declaraciones patrimoniales oficiales del Poder Ejecutivo Nacional <\/em><\/p>\n","protected":false},"excerpt":{"rendered":"<p>El Jefe de Estado detall\u00f3 poseer un inmueble en la&#8230;<\/p>\n","protected":false},"author":2,"featured_media":19375,"comment_status":"closed","ping_status":"closed","sticky":false,"template":"","format":"standard","meta":{"footnotes":""},"categories":[1],"tags":[1766,2561,3669],"class_list":["post-22315","post","type-post","status-publish","format-standard","has-post-thumbnail","hentry","category-politica","tag-javier-milei","tag-karina-milei","tag-patrimonio","wpcat-1-id"],"_links":{"self":[{"href":"https:\/\/labitacoraradio.com.ar\/web\/index.php?rest_route=\/wp\/v2\/posts\/22315","targetHints":{"allow":["GET"]}}],"collection":[{"href":"https:\/\/labitacoraradio.com.ar\/web\/index.php?rest_route=\/wp\/v2\/posts"}],"about":[{"href":"https:\/\/labitacoraradio.com.ar\/web\/index.php?rest_route=\/wp\/v2\/types\/post"}],"author":[{"embeddable":true,"href":"https:\/\/labitacoraradio.com.ar\/web\/index.php?rest_route=\/wp\/v2\/users\/2"}],"replies":[{"embeddable":true,"href":"https:\/\/labitacoraradio.com.ar\/web\/index.php?rest_route=%2Fwp%2Fv2%2Fcomments&post=22315"}],"version-history":[{"count":1,"href":"https:\/\/labitacoraradio.com.ar\/web\/index.php?rest_route=\/wp\/v2\/posts\/22315\/revisions"}],"predecessor-version":[{"id":22316,"href":"https:\/\/labitacoraradio.com.ar\/web\/index.php?rest_route=\/wp\/v2\/posts\/22315\/revisions\/22316"}],"wp:featuredmedia":[{"embeddable":true,"href":"https:\/\/labitacoraradio.com.ar\/web\/index.php?rest_route=\/wp\/v2\/media\/19375"}],"wp:attachment":[{"href":"https:\/\/labitacoraradio.com.ar\/web\/index.php?rest_route=%2Fwp%2Fv2%2Fmedia&parent=22315"}],"wp:term":[{"taxonomy":"category","embeddable":true,"href":"https:\/\/labitacoraradio.com.ar\/web\/index.php?rest_route=%2Fwp%2Fv2%2Fcategories&post=22315"},{"taxonomy":"post_tag","embeddable":true,"href":"https:\/\/labitacoraradio.com.ar\/web\/index.php?rest_route=%2Fwp%2Fv2%2Ftags&post=22315"}],"curies":[{"name":"wp","href":"https:\/\/api.w.org\/{rel}","templated":true}]}}