{"id":22317,"date":"2026-08-31T13:04:24","date_gmt":"2026-08-31T13:04:24","guid":{"rendered":"https:\/\/labitacoraradio.com.ar\/web\/?p=22317"},"modified":"2026-08-31T13:04:25","modified_gmt":"2026-08-31T13:04:25","slug":"nombramientos-en-comodoro-py-al-menos-cinco-jueces-federales-tienen-familiares-en-el-poder-judicial","status":"publish","type":"post","link":"https:\/\/labitacoraradio.com.ar\/web\/?p=22317","title":{"rendered":"Nombramientos en Comodoro Py: al menos cinco jueces federales tienen familiares en el Poder Judicial"},"content":{"rendered":"\n<h4 class=\"wp-block-heading\"><strong>Un relevamiento detect\u00f3 relaciones de parentesco e intercambios de cargos entre integrantes de los juzgados de primera instancia, en un sistema donde no rige la obligatoriedad de concursos p\u00fablicos para el ingreso de personal.<\/strong><\/h4>\n\n\n\n<p class=\"wp-block-paragraph\"><em>31 de agosto de 2026<\/em><\/p>\n\n\n\n<h3 class=\"wp-block-heading\">Designaciones cruzadas entre juzgados de primera instancia<\/h3>\n\n\n\n<p class=\"has-medium-font-size wp-block-paragraph\">La normativa actual del Reglamento para la Justicia Nacional proh\u00edbe que los magistrados incorporen a familiares directos dentro de sus propias dependencias. Sin embargo, la regulaci\u00f3n no impide la contrataci\u00f3n de parientes en otros tribunales del mismo fuero.<\/p>\n\n\n\n<p class=\"has-medium-font-size wp-block-paragraph\">Un caso representativo ocurre entre el Juzgado Federal N\u00b0 1, encabezado por Mar\u00eda Servini, y el Juzgado Federal N\u00b0 4, a cargo de Ariel Lijo. En la oficina de Servini se desempe\u00f1a Santiago Lijo, hijo del titular del Juzgado N\u00b0 4, mientras que en el tribunal de Lijo trabaja Agustina Cubr\u00eda, nieta de la jueza Servini.<\/p>\n\n\n\n<p class=\"has-medium-font-size wp-block-paragraph\">Por su parte, el juez Marcelo Mart\u00ednez De Giorgi est\u00e1 casado con Ana Mar\u00eda Juan, exfuncionaria de la C\u00e1mara Federal porte\u00f1a y reciente jueza federal en Hurlingham. Los dos hijos del matrimonio, Gonzalo y Santiago, ejercen funciones en juzgados criminales ordinarios de la Ciudad Aut\u00f3noma de Buenos Aires.<\/p>\n\n\n\n<h3 class=\"wp-block-heading\">Avances del Senado en la cobertura de vacantes<\/h3>\n\n\n\n<p class=\"has-medium-font-size wp-block-paragraph\">En el marco de la organizaci\u00f3n del sistema judicial, el Senado de la Naci\u00f3n aprob\u00f3 el tratamiento de 67 pliegos para ocupar vacantes en la Justicia Federal. Entre las designaciones aprobadas se destaca la cobertura de dos puestos en la Sala I de la C\u00e1mara Federal porte\u00f1a, fuero encargado de revisar las resoluciones de primera instancia en causas vinculadas a delitos contra la administraci\u00f3n p\u00fablica.<\/p>\n\n\n\n<h3 class=\"wp-block-heading\">Situaci\u00f3n normativa sobre los concursos de ingreso<\/h3>\n\n\n\n<p class=\"has-medium-font-size wp-block-paragraph\">A pesar de que en el a\u00f1o 2013 el Congreso de la Naci\u00f3n sancion\u00f3 una ley para implementar concursos p\u00fablicos y abiertos para la incorporaci\u00f3n de empleados al Poder Judicial, la Corte Suprema de Justicia de la Naci\u00f3n no reglament\u00f3 su aplicaci\u00f3n para dicho \u00e1mbito. En la actualidad, el sistema de selecci\u00f3n por concurso p\u00fablico opera en el Ministerio P\u00fablico Fiscal y en la Defensor\u00eda General de la Naci\u00f3n.<\/p>\n\n\n\n<p class=\"wp-block-paragraph\"><em>Fuente: Relevamiento sobre el personal de los juzgados federales de Comodoro Py e informaci\u00f3n del Senado de la Naci\u00f3n.<\/em><\/p>\n","protected":false},"excerpt":{"rendered":"<p>Un relevamiento detect\u00f3 relaciones de parentesco e intercambios de cargos&#8230;<\/p>\n","protected":false},"author":2,"featured_media":22318,"comment_status":"closed","ping_status":"closed","sticky":false,"template":"","format":"standard","meta":{"footnotes":""},"categories":[1],"tags":[3722,3721],"class_list":["post-22317","post","type-post","status-publish","format-standard","has-post-thumbnail","hentry","category-politica","tag-comodoro-py","tag-jueces-federales","wpcat-1-id"],"_links":{"self":[{"href":"https:\/\/labitacoraradio.com.ar\/web\/index.php?rest_route=\/wp\/v2\/posts\/22317","targetHints":{"allow":["GET"]}}],"collection":[{"href":"https:\/\/labitacoraradio.com.ar\/web\/index.php?rest_route=\/wp\/v2\/posts"}],"about":[{"href":"https:\/\/labitacoraradio.com.ar\/web\/index.php?rest_route=\/wp\/v2\/types\/post"}],"author":[{"embeddable":true,"href":"https:\/\/labitacoraradio.com.ar\/web\/index.php?rest_route=\/wp\/v2\/users\/2"}],"replies":[{"embeddable":true,"href":"https:\/\/labitacoraradio.com.ar\/web\/index.php?rest_route=%2Fwp%2Fv2%2Fcomments&post=22317"}],"version-history":[{"count":1,"href":"https:\/\/labitacoraradio.com.ar\/web\/index.php?rest_route=\/wp\/v2\/posts\/22317\/revisions"}],"predecessor-version":[{"id":22319,"href":"https:\/\/labitacoraradio.com.ar\/web\/index.php?rest_route=\/wp\/v2\/posts\/22317\/revisions\/22319"}],"wp:featuredmedia":[{"embeddable":true,"href":"https:\/\/labitacoraradio.com.ar\/web\/index.php?rest_route=\/wp\/v2\/media\/22318"}],"wp:attachment":[{"href":"https:\/\/labitacoraradio.com.ar\/web\/index.php?rest_route=%2Fwp%2Fv2%2Fmedia&parent=22317"}],"wp:term":[{"taxonomy":"category","embeddable":true,"href":"https:\/\/labitacoraradio.com.ar\/web\/index.php?rest_route=%2Fwp%2Fv2%2Fcategories&post=22317"},{"taxonomy":"post_tag","embeddable":true,"href":"https:\/\/labitacoraradio.com.ar\/web\/index.php?rest_route=%2Fwp%2Fv2%2Ftags&post=22317"}],"curies":[{"name":"wp","href":"https:\/\/api.w.org\/{rel}","templated":true}]}}