{"id":22323,"date":"2026-08-30T13:11:09","date_gmt":"2026-08-30T13:11:09","guid":{"rendered":"https:\/\/labitacoraradio.com.ar\/web\/?p=22323"},"modified":"2026-08-31T13:13:44","modified_gmt":"2026-08-31T13:13:44","slug":"el-mes-de-la-gurisada-concluyo-con-un-festejo-comunitario-en-bajada-grande","status":"publish","type":"post","link":"https:\/\/labitacoraradio.com.ar\/web\/?p=22323","title":{"rendered":"El Mes de la Gurisada concluy\u00f3 con un festejo comunitario en Bajada Grande"},"content":{"rendered":"\n<h4 class=\"wp-block-heading\"><strong>La Municipalidad de Paran\u00e1 cerr\u00f3 las actividades de agosto con una jornada recreativa, cultural y educativa dirigida a las infancias de la zona oeste de la ciudad.<\/strong><\/h4>\n\n\n\n<p class=\"wp-block-paragraph\"><em>30 de agosto de 2026<\/em><\/p>\n\n\n\n<h3 class=\"wp-block-heading\">Actividades l\u00fadicas y culturales en los Miradores<\/h3>\n\n\n\n<p class=\"has-medium-font-size wp-block-paragraph\">La jornada de cierre tuvo lugar en la zona de los Miradores de Bajada Grande, donde se mont\u00f3 una propuesta integral con espect\u00e1culos teatrales, presentaciones musicales, juegos interactivos y merienda para las familias asistentes. El evento cont\u00f3 con la participaci\u00f3n de artistas locales, la Banda de M\u00fasica Infanto Juvenil, talleres recreativos y una capacitaci\u00f3n sobre compostaje domiciliario brindada por la organizaci\u00f3n Eco Urbano.<\/p>\n\n\n\n<h3 class=\"wp-block-heading\">Articulaci\u00f3n institucional y comunitaria<\/h3>\n\n\n\n<p class=\"has-medium-font-size wp-block-paragraph\">La organizaci\u00f3n del evento requiri\u00f3 el trabajo coordinado de distintas \u00e1reas del gobierno municipal junto a instituciones de la sociedad civil y del \u00e1mbito acad\u00e9mico. En este marco, las facultades de Humanidades, Artes y Ciencias Sociales, y de Ciencias de la Vida y la Salud de la Universidad Aut\u00f3noma de Entre R\u00edos (UADER) aportaron din\u00e1micas educativas e intervenciones territoriales.<\/p>\n\n\n\n<p class=\"has-medium-font-size wp-block-paragraph\">Asimismo, participaron activamente diversas organizaciones sociales, entre las que se incluyeron comisiones vecinales como Croacia Sur, clubes deportivos, el Centro de Econom\u00eda Social de Bajada Grande, la Asociaci\u00f3n Entretejiendo Sue\u00f1os y Cuidadores de la Casa Com\u00fan.<\/p>\n\n\n\n<h3 class=\"wp-block-heading\">Red de merenderos y comedores locales<\/h3>\n\n\n\n<p class=\"has-medium-font-size wp-block-paragraph\">El desarrollo de la celebraci\u00f3n cont\u00f3 con la colaboraci\u00f3n directa de merenderos y comedores del sector, entre los que se sumaron La Nelly, La Uni\u00f3n, Los Hijos del Sol, La Costa, Pancitas Verdes, Coraz\u00f3n Contento, Do\u00f1a \u00c1ngela, Gurises Costeros, Cristian R\u00edos y Sembrando Esperanzas, cuyos referentes colaboraron en la log\u00edstica y provisi\u00f3n de alimentos durante la jornada.<\/p>\n\n\n\n<p class=\"wp-block-paragraph\"><em>Fuente: Municipalidad de Paran\u00e1.<\/em><\/p>\n","protected":false},"excerpt":{"rendered":"<p>La Municipalidad de Paran\u00e1 cerr\u00f3 las actividades de agosto con&#8230;<\/p>\n","protected":false},"author":2,"featured_media":22324,"comment_status":"closed","ping_status":"closed","sticky":false,"template":"","format":"standard","meta":{"footnotes":""},"categories":[3],"tags":[2994],"class_list":["post-22323","post","type-post","status-publish","format-standard","has-post-thumbnail","hentry","category-municipales","tag-mes-de-las-infancias","wpcat-3-id"],"_links":{"self":[{"href":"https:\/\/labitacoraradio.com.ar\/web\/index.php?rest_route=\/wp\/v2\/posts\/22323","targetHints":{"allow":["GET"]}}],"collection":[{"href":"https:\/\/labitacoraradio.com.ar\/web\/index.php?rest_route=\/wp\/v2\/posts"}],"about":[{"href":"https:\/\/labitacoraradio.com.ar\/web\/index.php?rest_route=\/wp\/v2\/types\/post"}],"author":[{"embeddable":true,"href":"https:\/\/labitacoraradio.com.ar\/web\/index.php?rest_route=\/wp\/v2\/users\/2"}],"replies":[{"embeddable":true,"href":"https:\/\/labitacoraradio.com.ar\/web\/index.php?rest_route=%2Fwp%2Fv2%2Fcomments&post=22323"}],"version-history":[{"count":1,"href":"https:\/\/labitacoraradio.com.ar\/web\/index.php?rest_route=\/wp\/v2\/posts\/22323\/revisions"}],"predecessor-version":[{"id":22325,"href":"https:\/\/labitacoraradio.com.ar\/web\/index.php?rest_route=\/wp\/v2\/posts\/22323\/revisions\/22325"}],"wp:featuredmedia":[{"embeddable":true,"href":"https:\/\/labitacoraradio.com.ar\/web\/index.php?rest_route=\/wp\/v2\/media\/22324"}],"wp:attachment":[{"href":"https:\/\/labitacoraradio.com.ar\/web\/index.php?rest_route=%2Fwp%2Fv2%2Fmedia&parent=22323"}],"wp:term":[{"taxonomy":"category","embeddable":true,"href":"https:\/\/labitacoraradio.com.ar\/web\/index.php?rest_route=%2Fwp%2Fv2%2Fcategories&post=22323"},{"taxonomy":"post_tag","embeddable":true,"href":"https:\/\/labitacoraradio.com.ar\/web\/index.php?rest_route=%2Fwp%2Fv2%2Ftags&post=22323"}],"curies":[{"name":"wp","href":"https:\/\/api.w.org\/{rel}","templated":true}]}}