{"id":22326,"date":"2026-08-31T13:18:47","date_gmt":"2026-08-31T13:18:47","guid":{"rendered":"https:\/\/labitacoraradio.com.ar\/web\/?p=22326"},"modified":"2026-08-31T13:18:48","modified_gmt":"2026-08-31T13:18:48","slug":"noche-de-gala-en-homenaje-al-inmigrante","status":"publish","type":"post","link":"https:\/\/labitacoraradio.com.ar\/web\/?p=22326","title":{"rendered":"Noche de Gala en Homenaje al Inmigrante"},"content":{"rendered":"\n<h4 class=\"wp-block-heading\"><strong>La actividad cultural reunir\u00e1 expresiones art\u00edsticas de diversas comunidades del mundo y recolectar\u00e1 donaciones para entidades de bien p\u00fablico.<\/strong><\/h4>\n\n\n\n<p class=\"wp-block-paragraph\"><em>31 de agosto de 2026<\/em><\/p>\n\n\n\n<h3 class=\"wp-block-heading\">Convocatoria e instituciones organizadoras<\/h3>\n\n\n\n<p class=\"has-medium-font-size wp-block-paragraph\">La Uni\u00f3n de Colectividades de Entre R\u00edos, en conjunto con la Direcci\u00f3n General de Colectividades de la Municipalidad de Paran\u00e1, llevar\u00e1 a cabo la Noche de Gala en Homenaje al Inmigrante. La jornada, declarada de inter\u00e9s por la Confederaci\u00f3n Argentina de Colectividades, se desarrollar\u00e1 el viernes 4 de septiembre a partir de las 20:00 en las instalaciones del Teatro Municipal 3 de Febrero.<\/p>\n\n\n\n<h3 class=\"wp-block-heading\">Representaci\u00f3n de comunidades y propuesta art\u00edstica<\/h3>\n\n\n\n<p class=\"has-medium-font-size wp-block-paragraph\">El evento contempla una programaci\u00f3n en escenario con presentaciones de m\u00fasica y danza representativas de distintas culturas. Durante el acto institucional se desplegar\u00e1n las ense\u00f1as nacional y provincial, junto a las banderas de las colectividades participantes: Alemania, \u00c1rabes (L\u00edbano, Palestina y Siria), B\u00e9lgica, Bolivia, Catalu\u00f1a, Chile, Colombia, Croacia, Cuba, Escocia, Eslovenia, Espa\u00f1a, Asturias, Francia, Hait\u00ed, India (Cultura V\u00e9dica), Israel, Italia y sus regiones (Friuli, Liguria, Piemonte, Sicilia y V\u00e9neto), Luxemburgo, M\u00e9xico, Paraguay, Pa\u00eds Vasco, Rusia, Suiza (Cant\u00f3n Suizo de Valais), Uruguay, Venezuela y la Wiphala en representaci\u00f3n de los Pueblos Originarios.<\/p>\n\n\n\n<h3 class=\"wp-block-heading\">Modalidad de ingreso y donaciones voluntarias<\/h3>\n\n\n\n<p class=\"has-medium-font-size wp-block-paragraph\">La entrada ser\u00e1 libre y gratuita para todo el p\u00fablico. No obstante, se habilitar\u00e1 un punto de recepci\u00f3n en el hall del teatro a cargo del Club de Leones Paran\u00e1 Campa\u00f1a para quienes deseen aportar elementos de higiene personal o alimentos no perecederos, los cuales ser\u00e1n destinados a instituciones de bien p\u00fablico de la ciudad.<\/p>\n\n\n\n<p class=\"wp-block-paragraph\"><em>Fuente: Uni\u00f3n de Colectividades de Entre R\u00edos y Direcci\u00f3n General de Colectividades de la Municipalidad de Paran\u00e1.<\/em><\/p>\n","protected":false},"excerpt":{"rendered":"<p>La actividad cultural reunir\u00e1 expresiones art\u00edsticas de diversas comunidades del&#8230;<\/p>\n","protected":false},"author":2,"featured_media":22327,"comment_status":"closed","ping_status":"closed","sticky":false,"template":"","format":"standard","meta":{"footnotes":""},"categories":[2336,5],"tags":[167],"class_list":["post-22326","post","type-post","status-publish","format-standard","has-post-thumbnail","hentry","category-barralateral","category-interes-general","tag-colectividades","wpcat-2336-id","wpcat-5-id"],"_links":{"self":[{"href":"https:\/\/labitacoraradio.com.ar\/web\/index.php?rest_route=\/wp\/v2\/posts\/22326","targetHints":{"allow":["GET"]}}],"collection":[{"href":"https:\/\/labitacoraradio.com.ar\/web\/index.php?rest_route=\/wp\/v2\/posts"}],"about":[{"href":"https:\/\/labitacoraradio.com.ar\/web\/index.php?rest_route=\/wp\/v2\/types\/post"}],"author":[{"embeddable":true,"href":"https:\/\/labitacoraradio.com.ar\/web\/index.php?rest_route=\/wp\/v2\/users\/2"}],"replies":[{"embeddable":true,"href":"https:\/\/labitacoraradio.com.ar\/web\/index.php?rest_route=%2Fwp%2Fv2%2Fcomments&post=22326"}],"version-history":[{"count":1,"href":"https:\/\/labitacoraradio.com.ar\/web\/index.php?rest_route=\/wp\/v2\/posts\/22326\/revisions"}],"predecessor-version":[{"id":22328,"href":"https:\/\/labitacoraradio.com.ar\/web\/index.php?rest_route=\/wp\/v2\/posts\/22326\/revisions\/22328"}],"wp:featuredmedia":[{"embeddable":true,"href":"https:\/\/labitacoraradio.com.ar\/web\/index.php?rest_route=\/wp\/v2\/media\/22327"}],"wp:attachment":[{"href":"https:\/\/labitacoraradio.com.ar\/web\/index.php?rest_route=%2Fwp%2Fv2%2Fmedia&parent=22326"}],"wp:term":[{"taxonomy":"category","embeddable":true,"href":"https:\/\/labitacoraradio.com.ar\/web\/index.php?rest_route=%2Fwp%2Fv2%2Fcategories&post=22326"},{"taxonomy":"post_tag","embeddable":true,"href":"https:\/\/labitacoraradio.com.ar\/web\/index.php?rest_route=%2Fwp%2Fv2%2Ftags&post=22326"}],"curies":[{"name":"wp","href":"https:\/\/api.w.org\/{rel}","templated":true}]}}