{"id":22329,"date":"2026-08-29T13:20:53","date_gmt":"2026-08-29T13:20:53","guid":{"rendered":"https:\/\/labitacoraradio.com.ar\/web\/?p=22329"},"modified":"2026-08-31T13:24:34","modified_gmt":"2026-08-31T13:24:34","slug":"memorias-sobre-la-educacion-publica","status":"publish","type":"post","link":"https:\/\/labitacoraradio.com.ar\/web\/?p=22329","title":{"rendered":"Memorias sobre la educaci\u00f3n p\u00fablica"},"content":{"rendered":"\n<h3 class=\"wp-block-heading\">El Museo de la Ciudad<strong> receptar\u00e1 fotograf\u00edas y testimonios escolares hasta el 10 de septiembre, con el prop\u00f3sito de integrar las piezas en el montaje de una nueva sala expositiva.<\/strong><\/h3>\n\n\n\n<p class=\"wp-block-paragraph\"><em>28 de agosto de 2026<\/em><\/p>\n\n\n\n<h3 class=\"wp-block-heading\">Objetivos de la propuesta patrimonial<\/h3>\n\n\n\n<p class=\"has-medium-font-size wp-block-paragraph\">El Museo de la Ciudad de Paran\u00e1 lanz\u00f3 una convocatoria abierta dirigida a vecinos e exalumnos que hayan transitado por instituciones educativas p\u00fablicas locales. La iniciativa busca recopilar, recuperar y poner en valor registros visuales y relatos vinculados a colaciones, actos institucionales, excursiones y diversas actividades de la trayectoria escolar en la capital provincial.<\/p>\n\n\n\n<p class=\"has-medium-font-size wp-block-paragraph\">Cada fotograf\u00eda enviada deber\u00e1 acompa\u00f1arse por una breve rese\u00f1a descriptiva de hasta tres l\u00edneas, donde se detalle el contexto de la imagen, el establecimiento o lugar de captura y el a\u00f1o correspondiente.<\/p>\n\n\n\n<h3 class=\"wp-block-heading\">Modalidad de recepci\u00f3n y plazos<\/h3>\n\n\n\n<p class=\"has-medium-font-size wp-block-paragraph\">El material hist\u00f3rico podr\u00e1 presentarse en dos formatos hasta el pr\u00f3ximo 10 de septiembre:<\/p>\n\n\n\n<ul class=\"wp-block-list\">\n<li class=\"has-medium-font-size\"><strong>Modalidad presencial:<\/strong> Entrega de fotograf\u00edas f\u00edsicas en la sede del Museo de la Ciudad, ubicada en calle Buenos Aires 226, de martes a viernes en los horarios de 8:00 a 12:00 y de 14:00 a 18:00.<\/li>\n\n\n\n<li class=\"has-medium-font-size\"><strong>Modalidad digital:<\/strong> Env\u00edo de archivos digitalizados mediante correo electr\u00f3nico a la direcci\u00f3n <em>museodelaciudadparana@hotmail.com<\/em>.<\/li>\n<\/ul>\n\n\n\n<p class=\"has-medium-font-size wp-block-paragraph\">El repositorio documental y fotogr\u00e1fico conformado a partir del aporte ciudadano constituir\u00e1 el eje argumental de la futura sala permanente orientada a la historia de la educaci\u00f3n p\u00fablica en la ciudad.<\/p>\n\n\n\n<p class=\"wp-block-paragraph\"><em>Fuente: Museo de la Ciudad de Paran\u00e1<\/em><\/p>\n","protected":false},"excerpt":{"rendered":"<p>El Museo de la Ciudad receptar\u00e1 fotograf\u00edas y testimonios escolares&#8230;<\/p>\n","protected":false},"author":2,"featured_media":22330,"comment_status":"closed","ping_status":"closed","sticky":false,"template":"","format":"standard","meta":{"footnotes":""},"categories":[2336,3],"tags":[2178],"class_list":["post-22329","post","type-post","status-publish","format-standard","has-post-thumbnail","hentry","category-barralateral","category-municipales","tag-museo-de-la-ciudad","wpcat-2336-id","wpcat-3-id"],"_links":{"self":[{"href":"https:\/\/labitacoraradio.com.ar\/web\/index.php?rest_route=\/wp\/v2\/posts\/22329","targetHints":{"allow":["GET"]}}],"collection":[{"href":"https:\/\/labitacoraradio.com.ar\/web\/index.php?rest_route=\/wp\/v2\/posts"}],"about":[{"href":"https:\/\/labitacoraradio.com.ar\/web\/index.php?rest_route=\/wp\/v2\/types\/post"}],"author":[{"embeddable":true,"href":"https:\/\/labitacoraradio.com.ar\/web\/index.php?rest_route=\/wp\/v2\/users\/2"}],"replies":[{"embeddable":true,"href":"https:\/\/labitacoraradio.com.ar\/web\/index.php?rest_route=%2Fwp%2Fv2%2Fcomments&post=22329"}],"version-history":[{"count":1,"href":"https:\/\/labitacoraradio.com.ar\/web\/index.php?rest_route=\/wp\/v2\/posts\/22329\/revisions"}],"predecessor-version":[{"id":22331,"href":"https:\/\/labitacoraradio.com.ar\/web\/index.php?rest_route=\/wp\/v2\/posts\/22329\/revisions\/22331"}],"wp:featuredmedia":[{"embeddable":true,"href":"https:\/\/labitacoraradio.com.ar\/web\/index.php?rest_route=\/wp\/v2\/media\/22330"}],"wp:attachment":[{"href":"https:\/\/labitacoraradio.com.ar\/web\/index.php?rest_route=%2Fwp%2Fv2%2Fmedia&parent=22329"}],"wp:term":[{"taxonomy":"category","embeddable":true,"href":"https:\/\/labitacoraradio.com.ar\/web\/index.php?rest_route=%2Fwp%2Fv2%2Fcategories&post=22329"},{"taxonomy":"post_tag","embeddable":true,"href":"https:\/\/labitacoraradio.com.ar\/web\/index.php?rest_route=%2Fwp%2Fv2%2Ftags&post=22329"}],"curies":[{"name":"wp","href":"https:\/\/api.w.org\/{rel}","templated":true}]}}