{"id":22332,"date":"2026-08-29T13:30:04","date_gmt":"2026-08-29T13:30:04","guid":{"rendered":"https:\/\/labitacoraradio.com.ar\/web\/?p=22332"},"modified":"2026-08-31T13:35:03","modified_gmt":"2026-08-31T13:35:03","slug":"extienden-la-convocatoria-para-el-4-premio-provincial-de-la-pieza-unica-artesanal-2026","status":"publish","type":"post","link":"https:\/\/labitacoraradio.com.ar\/web\/?p=22332","title":{"rendered":"Extienden la convocatoria para el 4\u00b0 Premio Provincial de la Pieza \u00danica Artesanal 2026"},"content":{"rendered":"\n<h3 class=\"wp-block-heading\"><strong>El certamen provincial otorgar\u00e1 premios adquisici\u00f3n de hasta 900.000 pesos y un incentivo para j\u00f3venes artesanos. Las inscripciones digitales permanecer\u00e1n abiertas hasta el 11 de septiembre.<\/strong><\/h3>\n\n\n\n<p class=\"wp-block-paragraph\"><em>28 de agosto de 2026<\/em><\/p>\n\n\n\n<h3 class=\"wp-block-heading\">Requisitos de participaci\u00f3n y destinatarios<\/h3>\n\n\n\n<p class=\"has-medium-font-size wp-block-paragraph\">La Secretar\u00eda de Cultura de Entre R\u00edos, mediante el Museo y Mercado Provincial de Artesan\u00edas Carlos Asiain, extendi\u00f3 el plazo de inscripci\u00f3n para la cuarta edici\u00f3n del Premio Provincial de la Pieza \u00danica Artesanal 2026. La convocatoria se encuentra dirigida a artesanas y artesanos mayores de 18 a\u00f1os con una residencia m\u00ednima acreditada de tres a\u00f1os en la provincia de Entre R\u00edos, que est\u00e9n inscriptos o hayan iniciado el tr\u00e1mite de registro en el Registro Provincial de Artesanos y Artesanas de Entre R\u00edos (ReProAr).<\/p>\n\n\n\n<p class=\"has-medium-font-size wp-block-paragraph\">El concurso contempla la selecci\u00f3n de obras de autor\u00eda propia, realizadas de forma manual o semi-manual, en categor\u00edas utilitarias, decorativas o funcionales que evidencien calidad t\u00e9cnica, est\u00e9tica e identidad cultural regional.<\/p>\n\n\n\n<h3 class=\"wp-block-heading\">Montos de los premios y reconocimientos<\/h3>\n\n\n\n<p class=\"has-medium-font-size wp-block-paragraph\">La edici\u00f3n 2026 del certamen contempla la entrega de asignaciones econ\u00f3micas bajo la modalidad de premios adquisici\u00f3n, distribuidas de la siguiente manera:<\/p>\n\n\n\n<ul class=\"wp-block-list\">\n<li class=\"has-medium-font-size\"><strong>Primer Premio Adquisici\u00f3n:<\/strong> $900.000<\/li>\n\n\n\n<li class=\"has-medium-font-size\"><strong>Segundo Premio Adquisici\u00f3n:<\/strong> $800.000<\/li>\n\n\n\n<li class=\"has-medium-font-size\"><strong>Tercer Premio Adquisici\u00f3n:<\/strong> $600.000<\/li>\n<\/ul>\n\n\n\n<p class=\"has-medium-font-size wp-block-paragraph\">Asimismo, la Asociaci\u00f3n de Amigos del Museo y Mercado Provincial de Artesan\u00edas otorgar\u00e1 el Premio Incentivo Joven Artesano\/a por un monto de $400.000 (sin car\u00e1cter de adquisici\u00f3n), destinado exclusivamente a participantes menores de 30 a\u00f1os.<\/p>\n\n\n\n<h2 class=\"wp-block-heading\">Proceso de inscripci\u00f3n y consultas<\/h2>\n\n\n\n<p class=\"has-medium-font-size wp-block-paragraph\">La postulaci\u00f3n se realiza de forma digital completando el formulario en l\u00ednea seg\u00fan las bases y condiciones fijadas en el reglamento oficial. Ante dudas o consultas vinculadas a la reglamentaci\u00f3n y al proceso de registro, la organizaci\u00f3n habilit\u00f3 la casilla de correo electr\u00f3nico:  <em>salonpiezaunicaer@gmail.com<\/em>.<\/p>\n\n\n\n<p class=\"wp-block-paragraph\"><em>Fuente: Secretar\u00eda de Cultura de Entre R\u00edos y Museo y Mercado Provincial de Artesan\u00edas Carlos Asiain.<\/em><\/p>\n","protected":false},"excerpt":{"rendered":"<p>El certamen provincial otorgar\u00e1 premios adquisici\u00f3n de hasta 900.000 pesos&#8230;<\/p>\n","protected":false},"author":2,"featured_media":22333,"comment_status":"closed","ping_status":"closed","sticky":false,"template":"","format":"standard","meta":{"footnotes":""},"categories":[2336,10],"tags":[3700,3723],"class_list":["post-22332","post","type-post","status-publish","format-standard","has-post-thumbnail","hentry","category-barralateral","category-cultura","tag-artesanias","tag-premio-provincial","wpcat-2336-id","wpcat-10-id"],"_links":{"self":[{"href":"https:\/\/labitacoraradio.com.ar\/web\/index.php?rest_route=\/wp\/v2\/posts\/22332","targetHints":{"allow":["GET"]}}],"collection":[{"href":"https:\/\/labitacoraradio.com.ar\/web\/index.php?rest_route=\/wp\/v2\/posts"}],"about":[{"href":"https:\/\/labitacoraradio.com.ar\/web\/index.php?rest_route=\/wp\/v2\/types\/post"}],"author":[{"embeddable":true,"href":"https:\/\/labitacoraradio.com.ar\/web\/index.php?rest_route=\/wp\/v2\/users\/2"}],"replies":[{"embeddable":true,"href":"https:\/\/labitacoraradio.com.ar\/web\/index.php?rest_route=%2Fwp%2Fv2%2Fcomments&post=22332"}],"version-history":[{"count":1,"href":"https:\/\/labitacoraradio.com.ar\/web\/index.php?rest_route=\/wp\/v2\/posts\/22332\/revisions"}],"predecessor-version":[{"id":22334,"href":"https:\/\/labitacoraradio.com.ar\/web\/index.php?rest_route=\/wp\/v2\/posts\/22332\/revisions\/22334"}],"wp:featuredmedia":[{"embeddable":true,"href":"https:\/\/labitacoraradio.com.ar\/web\/index.php?rest_route=\/wp\/v2\/media\/22333"}],"wp:attachment":[{"href":"https:\/\/labitacoraradio.com.ar\/web\/index.php?rest_route=%2Fwp%2Fv2%2Fmedia&parent=22332"}],"wp:term":[{"taxonomy":"category","embeddable":true,"href":"https:\/\/labitacoraradio.com.ar\/web\/index.php?rest_route=%2Fwp%2Fv2%2Fcategories&post=22332"},{"taxonomy":"post_tag","embeddable":true,"href":"https:\/\/labitacoraradio.com.ar\/web\/index.php?rest_route=%2Fwp%2Fv2%2Ftags&post=22332"}],"curies":[{"name":"wp","href":"https:\/\/api.w.org\/{rel}","templated":true}]}}